{"id":59496,"date":"2025-05-20T08:08:34","date_gmt":"2025-05-20T14:08:34","guid":{"rendered":"https:\/\/themexicopost.com\/?p=59496"},"modified":"2025-06-26T05:08:52","modified_gmt":"2025-06-26T11:08:52","slug":"pavel-durov-dueno-de-telegram-denuncia-sufrir-censura-en-rumania","status":"publish","type":"post","link":"https:\/\/themexicopost.com\/?p=59496","title":{"rendered":"Pavel Durov, due\u00f1o de Telegram, denuncia sufrir censura en Rumania"},"content":{"rendered":"\n<figure class=\"wp-block-pullquote\"><blockquote><p>Rusia dijo que las afirmaciones sobre una intromisi\u00f3n de Francia no es algo nuevo.<\/p><\/blockquote><\/figure>\n\n\n\n<p class=\"has-drop-cap\">El due\u00f1o de Telegram, Pavel Durov, asegur\u00f3 en la red social X que el jefe de los servicios secretos franceses DGSE, Nicolas Lerner, le pidi\u00f3 prohibir las voces conservadoras en Rumania antes de las elecciones; situaci\u00f3n a la que se neg\u00f3<br><\/p>\n\n\n\n<p>Rusia dijo que las afirmaciones sobre una intromisi\u00f3n de Francia no es algo nuevo.<br><\/p>\n\n\n\n<p>El hecho de que pa\u00edses europeos, Francia, Reino Unido, Alemania, est\u00e9n interfiriendo en los asuntos internos de otros pa\u00edses no es noticia&#8221;, dijo el vocero de la presidencia rusa, Dmitri Peskov.<br><\/p>\n\n\n\n<p>Los servicios secretos franceses rechazaron las acusaciones del fundador de Telegram.<br><\/p>\n\n\n\n<p>El balotaje enfrent\u00f3 a un candidato ultraderechista y a un proeuropeo en un contexto de m\u00e1xima tensi\u00f3n, despu\u00e9s que la justicia rumana anulara por presunta injerencia rusa la primera vuelta celebrada en noviembre.<br><\/p>\n\n\n\n<p>Pese a que la extrema derecha encabez\u00f3 las dos primeras vueltas celebradas, el candidato proeuropeo Nicusor Dan se impuso en el balotaje final ante su rival George Simion, ferviente admirador de Donald Trump.<br><\/p>\n\n\n\n<p>Las autoridades rumanas denunciaron por su parte una campa\u00f1a viral de informaci\u00f3n falsa en redes sociales destinada a influir en el proceso electoral y que lleva una vez m\u00e1s las marcas de la injerencia rusa.<\/p>\n","protected":false},"excerpt":{"rendered":"<p>Rusia dijo que las afirmaciones sobre una intromisi\u00f3n de Francia no es algo nuevo. El due\u00f1o de Telegram, Pavel Durov, asegur\u00f3 en la red social X que el jefe de los servicios secretos franceses DGSE, Nicolas Lerner, le pidi\u00f3 prohibir las voces conservadoras en Rumania antes de las elecciones; situaci\u00f3n a la que se neg\u00f3 [&hellip;]<\/p>\n","protected":false},"author":1,"featured_media":59497,"comment_status":"closed","ping_status":"closed","sticky":false,"template":"","format":"standard","meta":{"footnotes":""},"categories":[83,80],"tags":[],"class_list":["post-59496","post","type-post","status-publish","format-standard","has-post-thumbnail","hentry","category-destacado","category-mundo"],"_links":{"self":[{"href":"https:\/\/themexicopost.com\/index.php?rest_route=\/wp\/v2\/posts\/59496","targetHints":{"allow":["GET"]}}],"collection":[{"href":"https:\/\/themexicopost.com\/index.php?rest_route=\/wp\/v2\/posts"}],"about":[{"href":"https:\/\/themexicopost.com\/index.php?rest_route=\/wp\/v2\/types\/post"}],"author":[{"embeddable":true,"href":"https:\/\/themexicopost.com\/index.php?rest_route=\/wp\/v2\/users\/1"}],"replies":[{"embeddable":true,"href":"https:\/\/themexicopost.com\/index.php?rest_route=%2Fwp%2Fv2%2Fcomments&post=59496"}],"version-history":[{"count":1,"href":"https:\/\/themexicopost.com\/index.php?rest_route=\/wp\/v2\/posts\/59496\/revisions"}],"predecessor-version":[{"id":59498,"href":"https:\/\/themexicopost.com\/index.php?rest_route=\/wp\/v2\/posts\/59496\/revisions\/59498"}],"wp:featuredmedia":[{"embeddable":true,"href":"https:\/\/themexicopost.com\/index.php?rest_route=\/wp\/v2\/media\/59497"}],"wp:attachment":[{"href":"https:\/\/themexicopost.com\/index.php?rest_route=%2Fwp%2Fv2%2Fmedia&parent=59496"}],"wp:term":[{"taxonomy":"category","embeddable":true,"href":"https:\/\/themexicopost.com\/index.php?rest_route=%2Fwp%2Fv2%2Fcategories&post=59496"},{"taxonomy":"post_tag","embeddable":true,"href":"https:\/\/themexicopost.com\/index.php?rest_route=%2Fwp%2Fv2%2Ftags&post=59496"}],"curies":[{"name":"wp","href":"https:\/\/api.w.org\/{rel}","templated":true}]}}