{"id":59508,"date":"2025-05-20T08:13:23","date_gmt":"2025-05-20T14:13:23","guid":{"rendered":"https:\/\/themexicopost.com\/?p=59508"},"modified":"2025-06-26T05:08:46","modified_gmt":"2025-06-26T11:08:46","slug":"leon-xiv-recibe-invitacion-de-donald-trump-para-visitar-la-casa-blanca","status":"publish","type":"post","link":"https:\/\/themexicopost.com\/?p=59508","title":{"rendered":"Le\u00f3n XIV recibe invitaci\u00f3n de Donald Trump para visitar la Casa Blanca"},"content":{"rendered":"\n<figure class=\"wp-block-pullquote\"><blockquote><p>La invitaci\u00f3n fue realizada por el vicepresidente JD Vance en El Vaticano.<\/p><\/blockquote><\/figure>\n\n\n\n<p class=\"has-drop-cap\">El gobierno de Estados Unidos ha invitado al Papa Le\u00f3n XIV a la Casa Blanca a trav\u00e9s de una carta que le ha entregado el vicepresidente estadounidense, JD Vance, durante su visita a El Vaticano, donde se ha reunido con el Pont\u00edfice.<br><\/p>\n\n\n\n<p>Karoline Leavitt, portavoz de Trump, explic\u00f3 que el vicepresidente ha transmitido al Papa una carta del presidente y de la primera dama, expresando sus m\u00e1s c\u00e1lidos deseos e invit\u00e1ndolo a la Casa Blanca tan pronto como pueda.<br><\/p>\n\n\n\n<p>Si el papa acepta la propuesta, est\u00e1 ser\u00eda la primera visita de un Papa a la Casa Blanca desde 2015, cuando Francisco I fue recibido por el entonces presidente estadounidense, Barack Obama.<br><\/p>\n\n\n\n<p>Pero adem\u00e1s en este caso ser\u00eda la visita del primer papa nacido en Estados Unidos, marcando la cuarta visita a la sede de la Presidencia estadounidense de un Pont\u00edfice.<br><\/p>\n\n\n\n<p>Antes, Juan Pablo II visit\u00f3 a Jimmy Carter en 1979, y Benedicto XVI a George W. Bush en 2008.<\/p>\n","protected":false},"excerpt":{"rendered":"<p>La invitaci\u00f3n fue realizada por el vicepresidente JD Vance en El Vaticano. El gobierno de Estados Unidos ha invitado al Papa Le\u00f3n XIV a la Casa Blanca a trav\u00e9s de una carta que le ha entregado el vicepresidente estadounidense, JD Vance, durante su visita a El Vaticano, donde se ha reunido con el Pont\u00edfice. Karoline [&hellip;]<\/p>\n","protected":false},"author":1,"featured_media":59509,"comment_status":"closed","ping_status":"closed","sticky":false,"template":"","format":"standard","meta":{"footnotes":""},"categories":[83,80,85],"tags":[],"class_list":["post-59508","post","type-post","status-publish","format-standard","has-post-thumbnail","hentry","category-destacado","category-mundo","category-portada"],"_links":{"self":[{"href":"https:\/\/themexicopost.com\/index.php?rest_route=\/wp\/v2\/posts\/59508","targetHints":{"allow":["GET"]}}],"collection":[{"href":"https:\/\/themexicopost.com\/index.php?rest_route=\/wp\/v2\/posts"}],"about":[{"href":"https:\/\/themexicopost.com\/index.php?rest_route=\/wp\/v2\/types\/post"}],"author":[{"embeddable":true,"href":"https:\/\/themexicopost.com\/index.php?rest_route=\/wp\/v2\/users\/1"}],"replies":[{"embeddable":true,"href":"https:\/\/themexicopost.com\/index.php?rest_route=%2Fwp%2Fv2%2Fcomments&post=59508"}],"version-history":[{"count":1,"href":"https:\/\/themexicopost.com\/index.php?rest_route=\/wp\/v2\/posts\/59508\/revisions"}],"predecessor-version":[{"id":59510,"href":"https:\/\/themexicopost.com\/index.php?rest_route=\/wp\/v2\/posts\/59508\/revisions\/59510"}],"wp:featuredmedia":[{"embeddable":true,"href":"https:\/\/themexicopost.com\/index.php?rest_route=\/wp\/v2\/media\/59509"}],"wp:attachment":[{"href":"https:\/\/themexicopost.com\/index.php?rest_route=%2Fwp%2Fv2%2Fmedia&parent=59508"}],"wp:term":[{"taxonomy":"category","embeddable":true,"href":"https:\/\/themexicopost.com\/index.php?rest_route=%2Fwp%2Fv2%2Fcategories&post=59508"},{"taxonomy":"post_tag","embeddable":true,"href":"https:\/\/themexicopost.com\/index.php?rest_route=%2Fwp%2Fv2%2Ftags&post=59508"}],"curies":[{"name":"wp","href":"https:\/\/api.w.org\/{rel}","templated":true}]}}