{"id":59619,"date":"2025-05-22T07:52:38","date_gmt":"2025-05-22T13:52:38","guid":{"rendered":"https:\/\/themexicopost.com\/?p=59619"},"modified":"2025-06-26T05:12:27","modified_gmt":"2025-06-26T11:12:27","slug":"sale-del-retiro-manny-pacquiao-vuelve-al-ring-tras-cuatro-anos","status":"publish","type":"post","link":"https:\/\/themexicopost.com\/?p=59619","title":{"rendered":"Sale del retiro: Manny Pacquiao vuelve al ring tras cuatro a\u00f1os"},"content":{"rendered":"\n<figure class=\"wp-block-pullquote\"><blockquote><p>&#8220;Estoy de regreso. Hagamos historia&#8221;, escribi\u00f3 en sus redes sociales<\/p><\/blockquote><\/figure>\n\n\n\n<p class=\"has-drop-cap\">Sorprendi\u00f3 a todos sus seguidores al anunciar que el pugilista filipino Manny Pacquiao regresar\u00e1 al ring. Ser\u00e1 este pr\u00f3ximo 19 de julio cuando, en Las Vegas, se mida a Mario Barrios, el actual monarca welter del Consejo Mundial de Boxeo.<br><\/p>\n\n\n\n<p>Han pasado cuatro a\u00f1os desde que el ocho veces campe\u00f3n mundial se calzara unos guantes, despu\u00e9s de la derrota que sufri\u00f3 ante el cubano Yordenis Ugas, siendo la \u00faltima vez que subi\u00f3 a un ring para una pelea profesional.<br><\/p>\n\n\n\n<p>&#8220;Estoy de regreso. Hagamos historia&#8221;, escribi\u00f3 en sus redes sociales, luego de haber hecho crecer las especulaciones de manera exponencial.<br><\/p>\n\n\n\n<p>Tras haber fracasado en su intento por lograr un esca\u00f1o en el Senado de su pa\u00eds, Pacquiao se traslad\u00f3 a Estados Unidos el fin de semana y se report\u00f3 en el gimnasio Wild Card en California para empezar a entrenar bajo las \u00f3rdenes de Freddie Roach.<br><\/p>\n\n\n\n<p>Pero se rumora que el Consejo Mundial de Boxeo reconsidera sacar a Manny Pacquiao del ranking welter, siendo esta la regla del CMB que permitir\u00e1 a Manny Pacquiao pelear directamente por un t\u00edtulo mundial.<br><\/p>\n\n\n\n<p>Pacquiao tiene 46 a\u00f1os de edad y pondr\u00e1 su legado 11 d\u00edas despu\u00e9s de entrar al Sal\u00f3n de la Fama Internacional en Canastota, Nueva York, con un r\u00e9cord de 62 victorias, ocho derrotas y dos empates, con 39 nocauts, adem\u00e1s de una percepci\u00f3n por parte de los aficionados de que sigue buscando sumar un cintur\u00f3n m\u00e1s a su carrera.<br><\/p>\n\n\n\n<p>Entre sus m\u00faltiples triunfos ante pugilistas de todo el mundo destacan algunos, como en 2010 ante el mexicano Antonio Margarito.<br><\/p>\n\n\n\n<p>Tambi\u00e9n es recordado el triunfo en 2009 ante Ricky Hatton cuando lo dej\u00f3 noqueado en el centro del ring.<br><\/p>\n\n\n\n<p>Miguel \u00c1ngel Cotto tambi\u00e9n sucumbi\u00f3 ante el filipino en 2009, y lo venci\u00f3 por nocaut t\u00e9cnico en el \u00faltimo round.<br><\/p>\n\n\n\n<p>Erik Morales, Marco Barrera y Juan Manuel M\u00e1rquez son mexicanos que tambi\u00e9n sucumbieron ante los pu\u00f1os del filipino.<br><\/p>\n\n\n\n<p>Erik Morales sostuvo tres encuentros (solo perdi\u00f3 ununo). n Barrera dotuvo dos se llev\u00f3 ambas victorias y con Juan Manuel M\u00e1rquez tuvo cuatro, :os victorias, una derrota (por nocaut) y un empate.<br><\/p>\n\n\n\n<p>En 2008, Pacman desafi\u00f3 las leyes del boxeo al noquear al Golden Boy, quien lo superaba en tama\u00f1o, peso y alcance. Manny lo noque\u00f3 en ocho asaltos.<\/p>\n","protected":false},"excerpt":{"rendered":"<p>&#8220;Estoy de regreso. Hagamos historia&#8221;, escribi\u00f3 en sus redes sociales Sorprendi\u00f3 a todos sus seguidores al anunciar que el pugilista filipino Manny Pacquiao regresar\u00e1 al ring. Ser\u00e1 este pr\u00f3ximo 19 de julio cuando, en Las Vegas, se mida a Mario Barrios, el actual monarca welter del Consejo Mundial de Boxeo. Han pasado cuatro a\u00f1os desde [&hellip;]<\/p>\n","protected":false},"author":1,"featured_media":59620,"comment_status":"closed","ping_status":"closed","sticky":false,"template":"","format":"standard","meta":{"footnotes":""},"categories":[79],"tags":[],"class_list":["post-59619","post","type-post","status-publish","format-standard","has-post-thumbnail","hentry","category-deportes"],"_links":{"self":[{"href":"https:\/\/themexicopost.com\/index.php?rest_route=\/wp\/v2\/posts\/59619","targetHints":{"allow":["GET"]}}],"collection":[{"href":"https:\/\/themexicopost.com\/index.php?rest_route=\/wp\/v2\/posts"}],"about":[{"href":"https:\/\/themexicopost.com\/index.php?rest_route=\/wp\/v2\/types\/post"}],"author":[{"embeddable":true,"href":"https:\/\/themexicopost.com\/index.php?rest_route=\/wp\/v2\/users\/1"}],"replies":[{"embeddable":true,"href":"https:\/\/themexicopost.com\/index.php?rest_route=%2Fwp%2Fv2%2Fcomments&post=59619"}],"version-history":[{"count":1,"href":"https:\/\/themexicopost.com\/index.php?rest_route=\/wp\/v2\/posts\/59619\/revisions"}],"predecessor-version":[{"id":59621,"href":"https:\/\/themexicopost.com\/index.php?rest_route=\/wp\/v2\/posts\/59619\/revisions\/59621"}],"wp:featuredmedia":[{"embeddable":true,"href":"https:\/\/themexicopost.com\/index.php?rest_route=\/wp\/v2\/media\/59620"}],"wp:attachment":[{"href":"https:\/\/themexicopost.com\/index.php?rest_route=%2Fwp%2Fv2%2Fmedia&parent=59619"}],"wp:term":[{"taxonomy":"category","embeddable":true,"href":"https:\/\/themexicopost.com\/index.php?rest_route=%2Fwp%2Fv2%2Fcategories&post=59619"},{"taxonomy":"post_tag","embeddable":true,"href":"https:\/\/themexicopost.com\/index.php?rest_route=%2Fwp%2Fv2%2Ftags&post=59619"}],"curies":[{"name":"wp","href":"https:\/\/api.w.org\/{rel}","templated":true}]}}