{"id":59709,"date":"2025-05-23T07:38:57","date_gmt":"2025-05-23T13:38:57","guid":{"rendered":"https:\/\/themexicopost.com\/?p=59709"},"modified":"2025-06-26T05:14:11","modified_gmt":"2025-06-26T11:14:11","slug":"belinda-lanzara-nuevo-disco-en-colaboracion-con-jared-leto","status":"publish","type":"post","link":"https:\/\/themexicopost.com\/?p=59709","title":{"rendered":"Belinda lanzar\u00e1 nuevo disco en colaboraci\u00f3n con Jared Leto"},"content":{"rendered":"\n<figure class=\"wp-block-pullquote\"><blockquote><p>La cantante lanzar\u00e1 en junio su nuevo \u00e1lbum, en el que tiene un dueto con el vocalista de 30 Seconds to Mars<\/p><\/blockquote><\/figure>\n\n\n\n<p class=\"has-drop-cap\">La cantante mexico-espa\u00f1ola, Belinda est\u00e1 imparable, porque parte de ser escuchada con sus nuevas canciones, tambi\u00e9n tiene una enorme presencia como actriz, porque ahora ser\u00e1 la encargada de interpretar a Carlota en la serie Carlota de Hasburgo, adem\u00e1s que pronto estrenar\u00e1 la emisi\u00f3n Mentiras.<br><\/p>\n\n\n\n<p>Tambi\u00e9n lanzar\u00e1 su nuevo disco, Ind\u00f3mita, en la que tendr\u00e1 colaboraciones internacionales, como la que realiz\u00f3 con el m\u00fasico, actor y cantante, ganador de un premio Oscar, Jared Leto, l\u00edder de 30 Seconds to Mars.<br><\/p>\n\n\n\n<p>Belinda se\u00f1al\u00f3 de Leto: &#8220;Es amigo de toda la vida, de a\u00f1os, que est\u00e1 emocionad\u00edsimo, que le encanta M\u00e9xico, todo el tiempo dice que ama M\u00e9xico, adem\u00e1s me tiene un gran respeto y nos admiramos profundamente. Cuando termin\u00e9 de grabar la canci\u00f3n me dijo: \u2018Beli, te admiro tanto\u2019, y que una persona como \u00e9l que es un ganador de Oscar, que es un artista internacional impresionante, con una trayectoria as\u00ed y que haya dicho: \u2018Quiero estar contigo, quiero que hagamos una colaboraci\u00f3n, conf\u00edo, en ti\u2019, es algo que no puedo explicar\u201d, cont\u00f3 en un encuentro con medios.<br><\/p>\n\n\n\n<p>El tema que Leto y Belinda interpretar\u00e1n lleva por t\u00edtulo Never Not Love You y se trata de uno muy particular. La canci\u00f3n habla de como nunca te he dejado de amar a pesar de que nuestra relaci\u00f3n no pudo ser, nunca ha dejado de existir ese amor por ti.<br><\/p>\n\n\n\n<p>Es una canci\u00f3n rom\u00e1ntica, es una canci\u00f3n cien por ciento de amor y no va dedicada a nadie, es una canci\u00f3n que hicimos juntos, ella escribi\u00f3 la parte en espa\u00f1ol, \u00e9l escribi\u00f3 la parte en ingl\u00e9s, pero a\u00fan no grabado el video.<br><\/p>\n\n\n\n<p>Ser\u00e1 a finales de a\u00f1o cuando Belinda comience a rodar tanto en M\u00e9xico, como en Espa\u00f1a y en Colombia, la serie Carlota de Habsburgo junto a la tambi\u00e9n actriz mexicana Mabel Cadena, como con los int\u00e9rpretes espa\u00f1oles Jaime Lorente, quien le dar\u00e1 vida a Maximiliano de Habsburgo, y Miguel \u00c1ngel Silvestre, como Alfred van der Smissen, un oficial belga que fue muy cercano a Carlota y con quien se dice, tuvo un hijo.<br><\/p>\n\n\n\n<p>La serie, que es de Sony Pictures Televisi\u00f3n, estar\u00e1 dirigida por Alejandro Bazzano y Ana Lorena P\u00e9rez R\u00edos; se centrar\u00e1, m\u00e1s que en lo pol\u00edtico, en la parte emocional de lo que vivi\u00f3 Carlota.<\/p>\n","protected":false},"excerpt":{"rendered":"<p>La cantante lanzar\u00e1 en junio su nuevo \u00e1lbum, en el que tiene un dueto con el vocalista de 30 Seconds to Mars La cantante mexico-espa\u00f1ola, Belinda est\u00e1 imparable, porque parte de ser escuchada con sus nuevas canciones, tambi\u00e9n tiene una enorme presencia como actriz, porque ahora ser\u00e1 la encargada de interpretar a Carlota en la [&hellip;]<\/p>\n","protected":false},"author":1,"featured_media":59710,"comment_status":"closed","ping_status":"closed","sticky":false,"template":"","format":"standard","meta":{"footnotes":""},"categories":[78],"tags":[],"class_list":["post-59709","post","type-post","status-publish","format-standard","has-post-thumbnail","hentry","category-espectaculos"],"_links":{"self":[{"href":"https:\/\/themexicopost.com\/index.php?rest_route=\/wp\/v2\/posts\/59709","targetHints":{"allow":["GET"]}}],"collection":[{"href":"https:\/\/themexicopost.com\/index.php?rest_route=\/wp\/v2\/posts"}],"about":[{"href":"https:\/\/themexicopost.com\/index.php?rest_route=\/wp\/v2\/types\/post"}],"author":[{"embeddable":true,"href":"https:\/\/themexicopost.com\/index.php?rest_route=\/wp\/v2\/users\/1"}],"replies":[{"embeddable":true,"href":"https:\/\/themexicopost.com\/index.php?rest_route=%2Fwp%2Fv2%2Fcomments&post=59709"}],"version-history":[{"count":1,"href":"https:\/\/themexicopost.com\/index.php?rest_route=\/wp\/v2\/posts\/59709\/revisions"}],"predecessor-version":[{"id":59711,"href":"https:\/\/themexicopost.com\/index.php?rest_route=\/wp\/v2\/posts\/59709\/revisions\/59711"}],"wp:featuredmedia":[{"embeddable":true,"href":"https:\/\/themexicopost.com\/index.php?rest_route=\/wp\/v2\/media\/59710"}],"wp:attachment":[{"href":"https:\/\/themexicopost.com\/index.php?rest_route=%2Fwp%2Fv2%2Fmedia&parent=59709"}],"wp:term":[{"taxonomy":"category","embeddable":true,"href":"https:\/\/themexicopost.com\/index.php?rest_route=%2Fwp%2Fv2%2Fcategories&post=59709"},{"taxonomy":"post_tag","embeddable":true,"href":"https:\/\/themexicopost.com\/index.php?rest_route=%2Fwp%2Fv2%2Ftags&post=59709"}],"curies":[{"name":"wp","href":"https:\/\/api.w.org\/{rel}","templated":true}]}}