{"id":59736,"date":"2025-05-23T07:46:56","date_gmt":"2025-05-23T13:46:56","guid":{"rendered":"https:\/\/themexicopost.com\/?p=59736"},"modified":"2025-06-26T05:14:07","modified_gmt":"2025-06-26T11:14:07","slug":"segob-estara-atenta-a-la-designacion-de-areas-en-la-frontera-como-zonas-de-defensa-por-parte-de-eua","status":"publish","type":"post","link":"https:\/\/themexicopost.com\/?p=59736","title":{"rendered":"Segob estar\u00e1 atenta a la designaci\u00f3n de \u00e1reas en la frontera como zonas de defensa por parte de EUA"},"content":{"rendered":"\n<figure class=\"wp-block-pullquote\"><blockquote><p>Ning\u00fan funcionario federal est\u00e1 autorizado a hacer declaraciones que vayan en contra del discurso de cordialidad de la presidenta.<\/p><\/blockquote><\/figure>\n\n\n\n<p class=\"has-drop-cap\">Rosa \u00cdcela Rodr\u00edguez, la secretaria de Gobernaci\u00f3n, se\u00f1al\u00f3 que el gobierno mexicano estar\u00e1 atento a la designaci\u00f3n de \u00e1reas de la frontera con M\u00e9xico como zonas de defensa nacional por parte del gobierno de Estados Unidos. Sostuvo que, pese a ello, el gobierno mexicano seguir\u00e1 priorizando el di\u00e1logo y no la confrontaci\u00f3n. Mencion\u00f3 que la instrucci\u00f3n de la presidente Sheinbaum es clara: mantener la coordinaci\u00f3n y las relaciones cordiales con Estados Unidos.<br><\/p>\n\n\n\n<p>Afirm\u00f3 que M\u00e9xico estar\u00e1 atento a la evaluaci\u00f3n que realizar\u00e1 no solo Segob, si no tambi\u00e9n el gabinete de seguridad.<br><\/p>\n\n\n\n<p>Reconoci\u00f3 que la secretaria no puede condenar los hechos, porque ning\u00fan funcionario federal est\u00e1 autorizado a hacer declaraciones que vayan en contra del discurso de cordialidad de la presidenta Sheinbaum con el gobierno norteamericano.<br><\/p>\n\n\n\n<p>La secretaria asegur\u00f3 que la reducci\u00f3n que se ha tenido de la migraci\u00f3n hacia los Estados Unidos, no solamente de mexicanos, es del 96%: \u201centonces imag\u00ednense cu\u00e1nto trabajo hay atr\u00e1s para conseguir estos datos, es un gran logro del gobierno de M\u00e9xico\u201d.<br><\/p>\n\n\n\n<p>Finalmente, agreg\u00f3 que se tiene la buena fortuna de que ya haya un embajador de Estados Unidos en M\u00e9xico. \u201cEntonces tenemos confianza de que ese buen di\u00e1logo se aterrice con reuniones que tendremos pr\u00f3ximamente\u201d.<\/p>\n\n\n\n<p><\/p>\n","protected":false},"excerpt":{"rendered":"<p>Ning\u00fan funcionario federal est\u00e1 autorizado a hacer declaraciones que vayan en contra del discurso de cordialidad de la presidenta. Rosa \u00cdcela Rodr\u00edguez, la secretaria de Gobernaci\u00f3n, se\u00f1al\u00f3 que el gobierno mexicano estar\u00e1 atento a la designaci\u00f3n de \u00e1reas de la frontera con M\u00e9xico como zonas de defensa nacional por parte del gobierno de Estados Unidos. [&hellip;]<\/p>\n","protected":false},"author":1,"featured_media":59737,"comment_status":"closed","ping_status":"closed","sticky":false,"template":"","format":"standard","meta":{"footnotes":""},"categories":[83,81],"tags":[],"class_list":["post-59736","post","type-post","status-publish","format-standard","has-post-thumbnail","hentry","category-destacado","category-nacional"],"_links":{"self":[{"href":"https:\/\/themexicopost.com\/index.php?rest_route=\/wp\/v2\/posts\/59736","targetHints":{"allow":["GET"]}}],"collection":[{"href":"https:\/\/themexicopost.com\/index.php?rest_route=\/wp\/v2\/posts"}],"about":[{"href":"https:\/\/themexicopost.com\/index.php?rest_route=\/wp\/v2\/types\/post"}],"author":[{"embeddable":true,"href":"https:\/\/themexicopost.com\/index.php?rest_route=\/wp\/v2\/users\/1"}],"replies":[{"embeddable":true,"href":"https:\/\/themexicopost.com\/index.php?rest_route=%2Fwp%2Fv2%2Fcomments&post=59736"}],"version-history":[{"count":1,"href":"https:\/\/themexicopost.com\/index.php?rest_route=\/wp\/v2\/posts\/59736\/revisions"}],"predecessor-version":[{"id":59738,"href":"https:\/\/themexicopost.com\/index.php?rest_route=\/wp\/v2\/posts\/59736\/revisions\/59738"}],"wp:featuredmedia":[{"embeddable":true,"href":"https:\/\/themexicopost.com\/index.php?rest_route=\/wp\/v2\/media\/59737"}],"wp:attachment":[{"href":"https:\/\/themexicopost.com\/index.php?rest_route=%2Fwp%2Fv2%2Fmedia&parent=59736"}],"wp:term":[{"taxonomy":"category","embeddable":true,"href":"https:\/\/themexicopost.com\/index.php?rest_route=%2Fwp%2Fv2%2Fcategories&post=59736"},{"taxonomy":"post_tag","embeddable":true,"href":"https:\/\/themexicopost.com\/index.php?rest_route=%2Fwp%2Fv2%2Ftags&post=59736"}],"curies":[{"name":"wp","href":"https:\/\/api.w.org\/{rel}","templated":true}]}}