{"id":59771,"date":"2025-05-23T08:10:47","date_gmt":"2025-05-23T14:10:47","guid":{"rendered":"https:\/\/themexicopost.com\/?p=59771"},"modified":"2025-06-26T05:13:57","modified_gmt":"2025-06-26T11:13:57","slug":"harvard-anuncia-que-no-admitira-estudiantes-mexicanos-ni-del-mundo","status":"publish","type":"post","link":"https:\/\/themexicopost.com\/?p=59771","title":{"rendered":"Harvard anuncia que no admitir\u00e1 estudiantes mexicanos ni del mundo"},"content":{"rendered":"\n<figure class=\"wp-block-pullquote\"><blockquote><p>Las pol\u00edticas de bloqueo de Trump llegan a la universidad m\u00e1s antigua de Estados Unidos.<\/p><\/blockquote><\/figure>\n\n\n\n<p class=\"has-drop-cap\">La Universidad de Harvard ha dejado a la administraci\u00f3n del presidente de Estados Unidos, Donald Trump, bloqueada la capacidad para aceptar estudiantes y visitantes internacionales en intercambio acad\u00e9mico, o para recibir nuevos estudiantes.<br><\/p>\n\n\n\n<p>Esta situaci\u00f3n se presenta despu\u00e9s de que la instituci\u00f3n se neg\u00f3 a eliminar sus programas de diversidad, equidad e inclusi\u00f3n. Adem\u00e1s, rechaz\u00f3 evaluar a los estudiantes internacionales por cuestiones ideol\u00f3gicas, lo que deriv\u00f3 en acusaciones del gobierno de conducta proterrorista.<br><\/p>\n\n\n\n<p>Kristi Noem, secretaria de Seguridad Nacional, se\u00f1al\u00f3 a la direcci\u00f3n de Harvard por crear un ambiente universitario inseguro y por permitir que agitadores antiestadounidenses y proterroristas acosen y agredan f\u00edsicamente a personas, adem\u00e1s de obstruir el entorno de aprendizaje; de acuerdo con un comunicado del Departamento de Seguridad Nacional (DHS), se\u00f1alaron que muchos de ellos son estudiantes extranjeros.<br><\/p>\n\n\n\n<p>Adem\u00e1s, la dependencia federal tambi\u00e9n afirma que la administraci\u00f3n escolar facilit\u00f3 y particip\u00f3 en actividades coordinadas con el Partido Comunista de China para acoger y entrenar a miembros de un grupo paramilitar del partido c\u00f3mplice del genocidio uigur&#8221;.<br><\/p>\n\n\n\n<p>Noem afirm\u00f3 que la administraci\u00f3n de Trump responsabiliza a Harvard de fomentar la violencia, el antisemitismo y de coordinarse con el Partido Comunista Chino en su campus. Adem\u00e1s, recalca que admitir estudiantes extranjeros es un privilegio, no un derecho, y que la universidad se beneficiaba econ\u00f3micamente por estos cobros.<br><\/p>\n\n\n\n<p>Adem\u00e1s, enlisto m\u00faltiples situaciones presentadas dentro de las instalaciones, como fallas para frenar la discriminaci\u00f3n, agresiones, delincuencia y hasta el haber recibido inversiones de gobiernos extranjeros, as\u00ed como su colaboraci\u00f3n en proyectos con aplicaciones militares de otros pa\u00edses financiados con recursos del Departamento de Defensa.<br><\/p>\n\n\n\n<p>Mencion\u00f3 que Harvard ha perdido su certificaci\u00f3n del programa de Estudiantes y Visitantes de Intercambio (SEVP) por no cumplir con la ley. Esta medida podr\u00eda replicarse en otras instituciones, ya que el gobierno advierte que esta acci\u00f3n funcionar\u00e1 como una &#8220;advertencia&#8221; para universidades y centros acad\u00e9micos en todo el pa\u00eds.<br><\/p>\n\n\n\n<p>La decisi\u00f3n forma parte de un conflicto en curso entre Harvard y el gobierno federal. En abril de 2025, la universidad demand\u00f3 a la administraci\u00f3n Trump por un intento de modificar el curr\u00edculo, las pol\u00edticas de admisi\u00f3n y las pr\u00e1cticas de contrataci\u00f3n acad\u00e9mica.<br><\/p>\n\n\n\n<p>Al resistirse al cambio, el gobierno congel\u00f3 2,200 millones de d\u00f3lares en subvenciones federales a Harvard. Ahora, con esta nueva resoluci\u00f3n, la instituci\u00f3n ya no puede inscribir a estudiantes extranjeros, mientras que quienes actualmente est\u00e1n matriculados deber\u00e1n transferirse o perder\u00e1n su estatus legal.<br><\/p>\n\n\n\n<p>Pero esta decisi\u00f3n podr\u00eda afectar a la universidad en los ingresos para la instituci\u00f3n. Durante el \u00faltimo a\u00f1o asistieron a la instituci\u00f3n alrededor de 6800 estudiantes que cubren una mayor proporci\u00f3n de costos educativos en comparaci\u00f3n con otros estudiantes.<br><\/p>\n\n\n\n<p>Harvard calific\u00f3 como ilegal este acuerdo, porque la universidad est\u00e1 comprometida con mantener la capacidad de la instituci\u00f3n para albergar a estudiantes y acad\u00e9micos internacionales provenientes de m\u00e1s de 140 pa\u00edses, por lo que trabaja en brindar orientaci\u00f3n y apoyo a los miembros de su comunidad.<br><\/p>\n\n\n\n<p>Esta represalia, indica la instituci\u00f3n, amenaza con causar graves da\u00f1os a la comunidad de Harvard y al pa\u00eds, adem\u00e1s de atentar contra la misi\u00f3n acad\u00e9mica y de investigaci\u00f3n.<br><\/p>\n\n\n\n<p>Tras darse a conocer la orden de Noem, un juez federal en Oakland, California, emiti\u00f3 una orden judicial contra el presidente estadounidense y contra la propia Noem, en la que se proh\u00edbe terminar el estatus legal de los estudiantes internacionales. En principio, esta medida debe retrasar cualquier tipo de acci\u00f3n contra los alumnos de intercambio actualmente inscritos.<\/p>\n","protected":false},"excerpt":{"rendered":"<p>Las pol\u00edticas de bloqueo de Trump llegan a la universidad m\u00e1s antigua de Estados Unidos. La Universidad de Harvard ha dejado a la administraci\u00f3n del presidente de Estados Unidos, Donald Trump, bloqueada la capacidad para aceptar estudiantes y visitantes internacionales en intercambio acad\u00e9mico, o para recibir nuevos estudiantes. Esta situaci\u00f3n se presenta despu\u00e9s de que [&hellip;]<\/p>\n","protected":false},"author":1,"featured_media":59773,"comment_status":"closed","ping_status":"closed","sticky":false,"template":"","format":"standard","meta":{"footnotes":""},"categories":[80],"tags":[],"class_list":["post-59771","post","type-post","status-publish","format-standard","has-post-thumbnail","hentry","category-mundo"],"_links":{"self":[{"href":"https:\/\/themexicopost.com\/index.php?rest_route=\/wp\/v2\/posts\/59771","targetHints":{"allow":["GET"]}}],"collection":[{"href":"https:\/\/themexicopost.com\/index.php?rest_route=\/wp\/v2\/posts"}],"about":[{"href":"https:\/\/themexicopost.com\/index.php?rest_route=\/wp\/v2\/types\/post"}],"author":[{"embeddable":true,"href":"https:\/\/themexicopost.com\/index.php?rest_route=\/wp\/v2\/users\/1"}],"replies":[{"embeddable":true,"href":"https:\/\/themexicopost.com\/index.php?rest_route=%2Fwp%2Fv2%2Fcomments&post=59771"}],"version-history":[{"count":1,"href":"https:\/\/themexicopost.com\/index.php?rest_route=\/wp\/v2\/posts\/59771\/revisions"}],"predecessor-version":[{"id":59774,"href":"https:\/\/themexicopost.com\/index.php?rest_route=\/wp\/v2\/posts\/59771\/revisions\/59774"}],"wp:featuredmedia":[{"embeddable":true,"href":"https:\/\/themexicopost.com\/index.php?rest_route=\/wp\/v2\/media\/59773"}],"wp:attachment":[{"href":"https:\/\/themexicopost.com\/index.php?rest_route=%2Fwp%2Fv2%2Fmedia&parent=59771"}],"wp:term":[{"taxonomy":"category","embeddable":true,"href":"https:\/\/themexicopost.com\/index.php?rest_route=%2Fwp%2Fv2%2Fcategories&post=59771"},{"taxonomy":"post_tag","embeddable":true,"href":"https:\/\/themexicopost.com\/index.php?rest_route=%2Fwp%2Fv2%2Ftags&post=59771"}],"curies":[{"name":"wp","href":"https:\/\/api.w.org\/{rel}","templated":true}]}}