{"id":59791,"date":"2025-05-23T08:30:05","date_gmt":"2025-05-23T14:30:05","guid":{"rendered":"https:\/\/themexicopost.com\/?p=59791"},"modified":"2025-06-26T05:13:48","modified_gmt":"2025-06-26T11:13:48","slug":"juez-le-prohibe-a-trump-revocar-las-visas-de-estudiantes-internacionales","status":"publish","type":"post","link":"https:\/\/themexicopost.com\/?p=59791","title":{"rendered":"JUEZ LE PROH\u00cdBE A TRUMP REVOCAR LAS VISAS DE ESTUDIANTES INTERNACIONALES"},"content":{"rendered":"\n<figure class=\"wp-block-pullquote\"><blockquote><p>Con el fallo se pudo lograr un alivio a nivel nacional a los estudiantes extranjeros.<\/p><\/blockquote><\/figure>\n\n\n\n<p class=\"has-drop-cap\">Fue emitida una orden por parte de un juez federal de los Estados Unidos al gobierno del presidente Donald Trump, frenar la revocaci\u00f3n de las visas de estudiantes internacionales.<br><\/p>\n\n\n\n<p>Esta resoluci\u00f3n se dio en medio de los esfuerzos del gobierno de Trump por deportar a alumnos acusados de participar en protestas contra la guerra en Gaza o de \u201cantisemitismo\u201d.<br><\/p>\n\n\n\n<p>La orden fue emitida por el juez Jeffrey S. White del Distrito del Norte de California qui\u00e9n prohibi\u00f3 al Departamento de Seguridad Nacional (DHS) y al Servicio de Control de Inmigraci\u00f3n y Aduanas (ICE) arrestar o encarcelar a estudiantes extranjeros que presentaron una demanda ante su corte y a cualquier individuo similarmente situado a nivel nacional.<br><\/p>\n\n\n\n<p>En este fallo se argument\u00f3 que el alivio a nivel nacional es apropiado porque la pol\u00edtica del gobierno de Trump ha provocado estragos a las vidas, no solo de los demandantes, tambi\u00e9n de no-inmigrantes que cuentan con visados F-1 similarmente situados a lo largo de Estados Unidos.<br><\/p>\n\n\n\n<figure class=\"wp-block-image size-large\"><img fetchpriority=\"high\" decoding=\"async\" width=\"1024\" height=\"684\" src=\"https:\/\/themexicopost.com\/wp-content\/uploads\/2025\/05\/juez-2-1024x684.jpg\" alt=\"\" class=\"wp-image-59793\" srcset=\"https:\/\/themexicopost.com\/wp-content\/uploads\/2025\/05\/juez-2-1024x684.jpg 1024w, https:\/\/themexicopost.com\/wp-content\/uploads\/2025\/05\/juez-2-300x201.jpg 300w, https:\/\/themexicopost.com\/wp-content\/uploads\/2025\/05\/juez-2-768x513.jpg 768w, https:\/\/themexicopost.com\/wp-content\/uploads\/2025\/05\/juez-2.jpg 1200w\" sizes=\"(max-width: 1024px) 100vw, 1024px\" \/><\/figure>\n\n\n\n<p>Esta resoluci\u00f3n se da el mismo d\u00eda que el DHS revoc\u00f3 a la Universidad de Harvard su permiso para matricular a extranjeros, esta resoluci\u00f3n se dio en respuesta a la demanda que presentaron universitarios despu\u00e9s de que, en abril, el gobierno cambi\u00f3 su estatus en el Programa de Estudiantes y Visitantes de Intercambio (SEVI).<br><\/p>\n\n\n\n<p>Pero para Marco Rubio, las cosas est\u00e1n muy claras: \u201cUna visa no es un derecho, es un privilegio\u201d.<br><\/p>\n\n\n\n<p>En este nuevo gobierno de Trump se han cancelado miles de visados de estudiantes internacionales, dijo el secretario de Estado, Marco Rubio, en una audiencia en el Senado.<br><\/p>\n\n\n\n<figure class=\"wp-block-image size-large\"><img decoding=\"async\" width=\"1024\" height=\"684\" src=\"https:\/\/themexicopost.com\/wp-content\/uploads\/2025\/05\/juez-1024x684.jpg\" alt=\"\" class=\"wp-image-59794\" srcset=\"https:\/\/themexicopost.com\/wp-content\/uploads\/2025\/05\/juez-1024x684.jpg 1024w, https:\/\/themexicopost.com\/wp-content\/uploads\/2025\/05\/juez-300x201.jpg 300w, https:\/\/themexicopost.com\/wp-content\/uploads\/2025\/05\/juez-768x513.jpg 768w, https:\/\/themexicopost.com\/wp-content\/uploads\/2025\/05\/juez.jpg 1200w\" sizes=\"(max-width: 1024px) 100vw, 1024px\" \/><\/figure>\n\n\n\n<p>El gobierno de Trump ha combatido a estudiantes que han protestado a favor de Palestina y contra Israel, pues los acusa de antisemitismo y de sembrar caos en las universidades.<br><\/p>\n\n\n\n<p>Pero con esta orden, estar\u00e1 vigente hasta que se resuelvan los casos de fondo, y que impide a las autoridades trasladar a los alumnos a otro lugar o imponerles cualquier efecto legal adverso.<br><\/p>\n\n\n\n<p>Trump ha cuestionado el alcance de este tipo de fallos que buscan frenar su pol\u00edtica migratoria e, incluso, ha ignorado \u00f3rdenes de otros jueces.<\/p>\n\n\n\n<figure class=\"wp-block-image size-large\"><img decoding=\"async\" width=\"1024\" height=\"684\" src=\"https:\/\/themexicopost.com\/wp-content\/uploads\/2025\/05\/juez-3-1024x684.jpg\" alt=\"\" class=\"wp-image-59795\" srcset=\"https:\/\/themexicopost.com\/wp-content\/uploads\/2025\/05\/juez-3-1024x684.jpg 1024w, https:\/\/themexicopost.com\/wp-content\/uploads\/2025\/05\/juez-3-300x201.jpg 300w, https:\/\/themexicopost.com\/wp-content\/uploads\/2025\/05\/juez-3-768x513.jpg 768w, https:\/\/themexicopost.com\/wp-content\/uploads\/2025\/05\/juez-3.jpg 1200w\" sizes=\"(max-width: 1024px) 100vw, 1024px\" \/><\/figure>\n","protected":false},"excerpt":{"rendered":"<p>Con el fallo se pudo lograr un alivio a nivel nacional a los estudiantes extranjeros.<\/p>\n","protected":false},"author":1,"featured_media":59792,"comment_status":"closed","ping_status":"closed","sticky":false,"template":"","format":"standard","meta":{"footnotes":""},"categories":[83,80,85],"tags":[],"class_list":["post-59791","post","type-post","status-publish","format-standard","has-post-thumbnail","hentry","category-destacado","category-mundo","category-portada"],"_links":{"self":[{"href":"https:\/\/themexicopost.com\/index.php?rest_route=\/wp\/v2\/posts\/59791","targetHints":{"allow":["GET"]}}],"collection":[{"href":"https:\/\/themexicopost.com\/index.php?rest_route=\/wp\/v2\/posts"}],"about":[{"href":"https:\/\/themexicopost.com\/index.php?rest_route=\/wp\/v2\/types\/post"}],"author":[{"embeddable":true,"href":"https:\/\/themexicopost.com\/index.php?rest_route=\/wp\/v2\/users\/1"}],"replies":[{"embeddable":true,"href":"https:\/\/themexicopost.com\/index.php?rest_route=%2Fwp%2Fv2%2Fcomments&post=59791"}],"version-history":[{"count":1,"href":"https:\/\/themexicopost.com\/index.php?rest_route=\/wp\/v2\/posts\/59791\/revisions"}],"predecessor-version":[{"id":59796,"href":"https:\/\/themexicopost.com\/index.php?rest_route=\/wp\/v2\/posts\/59791\/revisions\/59796"}],"wp:featuredmedia":[{"embeddable":true,"href":"https:\/\/themexicopost.com\/index.php?rest_route=\/wp\/v2\/media\/59792"}],"wp:attachment":[{"href":"https:\/\/themexicopost.com\/index.php?rest_route=%2Fwp%2Fv2%2Fmedia&parent=59791"}],"wp:term":[{"taxonomy":"category","embeddable":true,"href":"https:\/\/themexicopost.com\/index.php?rest_route=%2Fwp%2Fv2%2Fcategories&post=59791"},{"taxonomy":"post_tag","embeddable":true,"href":"https:\/\/themexicopost.com\/index.php?rest_route=%2Fwp%2Fv2%2Ftags&post=59791"}],"curies":[{"name":"wp","href":"https:\/\/api.w.org\/{rel}","templated":true}]}}