{"id":59931,"date":"2025-05-27T07:40:30","date_gmt":"2025-05-27T13:40:30","guid":{"rendered":"https:\/\/themexicopost.com\/?p=59931"},"modified":"2025-06-26T05:15:59","modified_gmt":"2025-06-26T11:15:59","slug":"gem-asesora-a-periodistas-y-activistas-en-materia-laboral-y-uso-de-herramientas-digitales","status":"publish","type":"post","link":"https:\/\/themexicopost.com\/?p=59931","title":{"rendered":"GEM asesora a periodistas y activistas en materia laboral y uso de herramientas digitales"},"content":{"rendered":"\n<figure class=\"wp-block-pullquote\"><blockquote><p>-Participa Edom\u00e9x en el Primer Encuentro Virtual de la Red Nacional de Mecanismos de Protecci\u00f3n y expone avances en capacitaci\u00f3n y sensibilizaci\u00f3n.<\/p><\/blockquote><\/figure>\n\n\n\n<p class=\"has-drop-cap\">Durante el Primer Encuentro Virtual de la Red de Mecanismos de Protecci\u00f3n (REDPRO), el Gobierno del Estado de M\u00e9xico comparti\u00f3 buenas pr\u00e1cticas para garantizar el ejercicio libre y seguro de comunicadores y personas defensoras de derechos humanos, como asesor\u00edas en materia laboral y cursos sobre el uso de herramientas digitales e inteligencia artificial.<br><\/p>\n\n\n\n<p>Luis Miguel Carriedo T\u00e9llez, Coordinador Ejecutivo del Mecanismo para la Protecci\u00f3n Integral de Periodistas y Personas Defensoras de los Derechos Humanos explic\u00f3 que una de las iniciativas principales fue el convenio firmado entre la Consejer\u00eda Jur\u00eddica y la Secretar\u00eda del Trabajo, que permite ofrecer asesor\u00eda y capacitaci\u00f3n gratuita a periodistas y activistas en materia de derechos laborales. Este modelo ya fue replicado por el estado de Durango, a trav\u00e9s de su propio mecanismo de protecci\u00f3n.<br><\/p>\n\n\n\n<p>\u201cDe eso se trata, de compartir buenas pr\u00e1cticas, de generar un espacio que nos une en una causa com\u00fan: proteger a quienes defienden derechos humanos\u201d, dijo Luis Miguel Carriedo T\u00e9llez.<br><\/p>\n\n\n\n<p>Adicionalmente, mencion\u00f3 que el Estado de M\u00e9xico difundi\u00f3 un curso especializado sobre inteligencia artificial, dirigido a periodistas y personas defensoras, con el objetivo de fortalecer sus habilidades digitales y mejorar la seguridad en su labor informativa y de activismo.<br><\/p>\n\n\n\n<p>\u201cQueremos que se ejerza la libertad de expresi\u00f3n con toda la pluralidad que implica, porque se lastima no solo el derecho humano cuando se inhibe esa libertad con agresiones o con impunidad, sino tambi\u00e9n se vulnera el derecho fundamental de la sociedad a estar informada\u201d, subray\u00f3 Luis Miguel Carriedo T\u00e9llez.<br><\/p>\n\n\n\n<p>Actualmente, REDPRO agrupa a mecanismos de protecci\u00f3n de 12 estados, incluido el Estado de M\u00e9xico, y sirve como espacio nacional para compartir experiencias frente a agresiones y amenazas.<br><\/p>\n\n\n\n<p>El encuentro, transmitido en l\u00ednea, cont\u00f3 con la participaci\u00f3n de Jhenny Judith Bernal Arellano, Presidenta de REDPRO y titular del Instituto de Protecci\u00f3n de Sinaloa; Karla Alejandra Obreg\u00f3n Avelar, Presidenta de la Comisi\u00f3n Estatal de Derechos Humanos de Durango; Claudia Virginia Samayoa, experta internacional en protecci\u00f3n de activistas, y Tulio Moreno Alvarado, Secretario Ejecutivo de la Comisi\u00f3n de Atenci\u00f3n y Protecci\u00f3n de Periodistas de Veracruz.<br><\/p>\n\n\n\n<p>Adem\u00e1s, se conmemor\u00f3 el primer aniversario de la Declaraci\u00f3n de Culiac\u00e1n, firmada por el Estado de M\u00e9xico en mayo de 2024, que promueve la colaboraci\u00f3n entre estados para fortalecer la atenci\u00f3n integral a periodistas y personas defensoras, con enfoque en derechos laborales y apoyo psicosocial.<\/p>\n","protected":false},"excerpt":{"rendered":"<p>-Participa Edom\u00e9x en el Primer Encuentro Virtual de la Red Nacional de Mecanismos de Protecci\u00f3n y expone avances en capacitaci\u00f3n y sensibilizaci\u00f3n. Durante el Primer Encuentro Virtual de la Red de Mecanismos de Protecci\u00f3n (REDPRO), el Gobierno del Estado de M\u00e9xico comparti\u00f3 buenas pr\u00e1cticas para garantizar el ejercicio libre y seguro de comunicadores y personas [&hellip;]<\/p>\n","protected":false},"author":1,"featured_media":59932,"comment_status":"closed","ping_status":"closed","sticky":false,"template":"","format":"standard","meta":{"footnotes":""},"categories":[81],"tags":[],"class_list":["post-59931","post","type-post","status-publish","format-standard","has-post-thumbnail","hentry","category-nacional"],"_links":{"self":[{"href":"https:\/\/themexicopost.com\/index.php?rest_route=\/wp\/v2\/posts\/59931","targetHints":{"allow":["GET"]}}],"collection":[{"href":"https:\/\/themexicopost.com\/index.php?rest_route=\/wp\/v2\/posts"}],"about":[{"href":"https:\/\/themexicopost.com\/index.php?rest_route=\/wp\/v2\/types\/post"}],"author":[{"embeddable":true,"href":"https:\/\/themexicopost.com\/index.php?rest_route=\/wp\/v2\/users\/1"}],"replies":[{"embeddable":true,"href":"https:\/\/themexicopost.com\/index.php?rest_route=%2Fwp%2Fv2%2Fcomments&post=59931"}],"version-history":[{"count":1,"href":"https:\/\/themexicopost.com\/index.php?rest_route=\/wp\/v2\/posts\/59931\/revisions"}],"predecessor-version":[{"id":59933,"href":"https:\/\/themexicopost.com\/index.php?rest_route=\/wp\/v2\/posts\/59931\/revisions\/59933"}],"wp:featuredmedia":[{"embeddable":true,"href":"https:\/\/themexicopost.com\/index.php?rest_route=\/wp\/v2\/media\/59932"}],"wp:attachment":[{"href":"https:\/\/themexicopost.com\/index.php?rest_route=%2Fwp%2Fv2%2Fmedia&parent=59931"}],"wp:term":[{"taxonomy":"category","embeddable":true,"href":"https:\/\/themexicopost.com\/index.php?rest_route=%2Fwp%2Fv2%2Fcategories&post=59931"},{"taxonomy":"post_tag","embeddable":true,"href":"https:\/\/themexicopost.com\/index.php?rest_route=%2Fwp%2Fv2%2Ftags&post=59931"}],"curies":[{"name":"wp","href":"https:\/\/api.w.org\/{rel}","templated":true}]}}