{"id":59943,"date":"2025-05-27T07:51:30","date_gmt":"2025-05-27T13:51:30","guid":{"rendered":"https:\/\/themexicopost.com\/?p=59943"},"modified":"2025-06-26T05:15:56","modified_gmt":"2025-06-26T11:15:56","slug":"hombre-embiste-con-su-auto-a-personas-que-celebraban-titulo-del-liverpool","status":"publish","type":"post","link":"https:\/\/themexicopost.com\/?p=59943","title":{"rendered":"Hombre embiste con su auto a personas que celebraban t\u00edtulo del Liverpool"},"content":{"rendered":"\n<figure class=\"wp-block-pullquote\"><blockquote><p>La polic\u00eda rode\u00f3 el veh\u00edculo poco despu\u00e9s, y otros videos mostraban a hinchas furiosos intentando alcanzar al conductor.<\/p><\/blockquote><\/figure>\n\n\n\n<p class=\"has-drop-cap\">Un coche atropell\u00f3 a una multitud de aficionados del Liverpool durante un desfile para celebrar el t\u00edtulo de la Premier League de su equipo, y la polic\u00eda detuvo poco despu\u00e9s a un hombre brit\u00e1nico de 53 a\u00f1os.<br><\/p>\n\n\n\n<p>La polic\u00eda de Merseyside dijo que un n\u00famero de peatones fue atropellado despu\u00e9s de que un bus del equipo llevara a los jugadores y al cuerpo t\u00e9cnico por el centro de la ciudad para un desfile por la corona.<br><\/p>\n\n\n\n<p>Un video no verificado en las redes sociales mostraba a personas tendidas en la calzada. En im\u00e1genes se ve a los servicios de emergencia transportando v\u00edctimas en camillas a las ambulancias y escombros esparcidos en una calle. Se instal\u00f3 una tienda de campa\u00f1a.<br><\/p>\n\n\n\n<p>&#8220;Pedimos a la gente que no especule sobre las circunstancias que rodean el incidente de esta noche&#8221;, dijo la polic\u00eda. &#8220;Se est\u00e1 investigando para establecer las circunstancias que condujeron a la colisi\u00f3n&#8221;.<br><\/p>\n\n\n\n<figure class=\"wp-block-image size-large\"><img fetchpriority=\"high\" decoding=\"async\" width=\"1024\" height=\"684\" src=\"https:\/\/themexicopost.com\/wp-content\/uploads\/2025\/05\/hombre-1024x684.jpg\" alt=\"\" class=\"wp-image-59945\" srcset=\"https:\/\/themexicopost.com\/wp-content\/uploads\/2025\/05\/hombre-1024x684.jpg 1024w, https:\/\/themexicopost.com\/wp-content\/uploads\/2025\/05\/hombre-300x201.jpg 300w, https:\/\/themexicopost.com\/wp-content\/uploads\/2025\/05\/hombre-768x513.jpg 768w, https:\/\/themexicopost.com\/wp-content\/uploads\/2025\/05\/hombre.jpg 1200w\" sizes=\"(max-width: 1024px) 100vw, 1024px\" \/><\/figure>\n\n\n\n<p>Un video difundido en las redes sociales mostraba a un coche a toda velocidad contra los aficionados que se alineaban en la calle, y en un momento dado parec\u00eda dar un volantazo para alejarse de la zona m\u00e1s concurrida.<br><\/p>\n\n\n\n<p>La polic\u00eda rode\u00f3 el veh\u00edculo poco despu\u00e9s, y otros videos mostraban a hinchas furiosos intentando alcanzar al conductor.<br><\/p>\n\n\n\n<p>El primer ministro, Keir Starmer, declar\u00f3 en X que las escenas eran espantosas. &#8220;Mis pensamientos est\u00e1n con todos los heridos o afectados. &#8220;Quiero dar las gracias a la polic\u00eda y a los servicios de emergencia por su r\u00e1pida y continua respuesta a este espantoso incidente&#8221;, dijo Starmer.<br><\/p>\n\n\n\n<p>El equipo dijo en X que estaba en contacto directo con la polic\u00eda sobre el suceso. &#8220;Nuestros pensamientos y oraciones est\u00e1n con aquellos que se han visto afectados por este grave incidente&#8221;, dijo el Liverpool.<\/p>\n","protected":false},"excerpt":{"rendered":"<p>La polic\u00eda rode\u00f3 el veh\u00edculo poco despu\u00e9s, y otros videos mostraban a hinchas furiosos intentando alcanzar al conductor. Un coche atropell\u00f3 a una multitud de aficionados del Liverpool durante un desfile para celebrar el t\u00edtulo de la Premier League de su equipo, y la polic\u00eda detuvo poco despu\u00e9s a un hombre brit\u00e1nico de 53 a\u00f1os. [&hellip;]<\/p>\n","protected":false},"author":1,"featured_media":59944,"comment_status":"closed","ping_status":"closed","sticky":false,"template":"","format":"standard","meta":{"footnotes":""},"categories":[80],"tags":[],"class_list":["post-59943","post","type-post","status-publish","format-standard","has-post-thumbnail","hentry","category-mundo"],"_links":{"self":[{"href":"https:\/\/themexicopost.com\/index.php?rest_route=\/wp\/v2\/posts\/59943","targetHints":{"allow":["GET"]}}],"collection":[{"href":"https:\/\/themexicopost.com\/index.php?rest_route=\/wp\/v2\/posts"}],"about":[{"href":"https:\/\/themexicopost.com\/index.php?rest_route=\/wp\/v2\/types\/post"}],"author":[{"embeddable":true,"href":"https:\/\/themexicopost.com\/index.php?rest_route=\/wp\/v2\/users\/1"}],"replies":[{"embeddable":true,"href":"https:\/\/themexicopost.com\/index.php?rest_route=%2Fwp%2Fv2%2Fcomments&post=59943"}],"version-history":[{"count":1,"href":"https:\/\/themexicopost.com\/index.php?rest_route=\/wp\/v2\/posts\/59943\/revisions"}],"predecessor-version":[{"id":59946,"href":"https:\/\/themexicopost.com\/index.php?rest_route=\/wp\/v2\/posts\/59943\/revisions\/59946"}],"wp:featuredmedia":[{"embeddable":true,"href":"https:\/\/themexicopost.com\/index.php?rest_route=\/wp\/v2\/media\/59944"}],"wp:attachment":[{"href":"https:\/\/themexicopost.com\/index.php?rest_route=%2Fwp%2Fv2%2Fmedia&parent=59943"}],"wp:term":[{"taxonomy":"category","embeddable":true,"href":"https:\/\/themexicopost.com\/index.php?rest_route=%2Fwp%2Fv2%2Fcategories&post=59943"},{"taxonomy":"post_tag","embeddable":true,"href":"https:\/\/themexicopost.com\/index.php?rest_route=%2Fwp%2Fv2%2Ftags&post=59943"}],"curies":[{"name":"wp","href":"https:\/\/api.w.org\/{rel}","templated":true}]}}