{"id":59947,"date":"2025-05-27T07:52:38","date_gmt":"2025-05-27T13:52:38","guid":{"rendered":"https:\/\/themexicopost.com\/?p=59947"},"modified":"2025-06-26T05:15:55","modified_gmt":"2025-06-26T11:15:55","slug":"condena-tribunal-aleman-a-4-exdirectivos-de-volkswagen-por-fraude-en-escandalo-de-emisiones","status":"publish","type":"post","link":"https:\/\/themexicopost.com\/?p=59947","title":{"rendered":"Condena tribunal alem\u00e1n a 4 exdirectivos de Volkswagen por fraude en esc\u00e1ndalo de emisiones"},"content":{"rendered":"\n<figure class=\"wp-block-pullquote\"><blockquote><p>Se han abierto nuevos procedimientos contra otros 31 sospechosos en Alemania.<\/p><\/blockquote><\/figure>\n\n\n\n<p class=\"has-drop-cap\">Un tribunal alem\u00e1n conden\u00f3 a cuatro exdirectivos de Volkswagen por fraude y conden\u00f3 a dos de ellos a prisi\u00f3n por su participaci\u00f3n en la manipulaci\u00f3n de los controles de emisiones, casi una d\u00e9cada despu\u00e9s de que estallara el esc\u00e1ndalo sobre la manipulaci\u00f3n de veh\u00edculos di\u00e9sel por parte de la compa\u00f1\u00eda.<br><\/p>\n\n\n\n<p>El exjefe de desarrollo di\u00e9sel fue condenado a cuatro a\u00f1os y medio de prisi\u00f3n, y el responsable de electr\u00f3nica de la transmisi\u00f3n a dos a\u00f1os y siete meses por el tribunal de Braunschweig, seg\u00fan inform\u00f3 la agencia de noticias alemana dpa. Otros dos recibieron sentencias suspendidas de 15 y 10 meses.<br><\/p>\n\n\n\n<p>El esc\u00e1ndalo comenz\u00f3 en septiembre de 2015 cuando la Agencia de Protecci\u00f3n Ambiental de Estados Unidos emiti\u00f3 una notificaci\u00f3n de infracci\u00f3n, alegando que la compa\u00f1\u00eda hab\u00eda manipulado el software de control del motor que permit\u00eda que los veh\u00edculos superaran las pruebas de emisiones a pesar de emitir mucha m\u00e1s contaminaci\u00f3n en condiciones reales de conducci\u00f3n.<br><\/p>\n\n\n\n<p>La compa\u00f1\u00eda ha pagado m\u00e1s de 33.000 millones de d\u00f3lares en multas e indemnizaciones a los propietarios de veh\u00edculos. Dos directivos de VW fueron condenados a prisi\u00f3n en Estados Unidos. El exdirector de la divisi\u00f3n Audi de la compa\u00f1\u00eda, Rupert Stadler, recibi\u00f3 una condena en suspenso de 21 meses y una multa de 1,25 millones de d\u00f3lares. La sentencia a\u00fan est\u00e1 en apelaci\u00f3n.<br><\/p>\n\n\n\n<p>El exdirector ejecutivo Martin Winterkorn no compareci\u00f3 en el juicio, que dur\u00f3 casi cuatro a\u00f1os. El proceso en su contra se ha suspendido por problemas de salud y se desconoce cu\u00e1ndo podr\u00eda ir a juicio. Winterkorn ha negado cualquier irregularidad.<br><\/p>\n\n\n\n<p>Se han abierto nuevos procedimientos contra otros 31 sospechosos en Alemania.<\/p>\n","protected":false},"excerpt":{"rendered":"<p>Se han abierto nuevos procedimientos contra otros 31 sospechosos en Alemania. Un tribunal alem\u00e1n conden\u00f3 a cuatro exdirectivos de Volkswagen por fraude y conden\u00f3 a dos de ellos a prisi\u00f3n por su participaci\u00f3n en la manipulaci\u00f3n de los controles de emisiones, casi una d\u00e9cada despu\u00e9s de que estallara el esc\u00e1ndalo sobre la manipulaci\u00f3n de veh\u00edculos [&hellip;]<\/p>\n","protected":false},"author":1,"featured_media":59948,"comment_status":"closed","ping_status":"closed","sticky":false,"template":"","format":"standard","meta":{"footnotes":""},"categories":[83,80],"tags":[],"class_list":["post-59947","post","type-post","status-publish","format-standard","has-post-thumbnail","hentry","category-destacado","category-mundo"],"_links":{"self":[{"href":"https:\/\/themexicopost.com\/index.php?rest_route=\/wp\/v2\/posts\/59947","targetHints":{"allow":["GET"]}}],"collection":[{"href":"https:\/\/themexicopost.com\/index.php?rest_route=\/wp\/v2\/posts"}],"about":[{"href":"https:\/\/themexicopost.com\/index.php?rest_route=\/wp\/v2\/types\/post"}],"author":[{"embeddable":true,"href":"https:\/\/themexicopost.com\/index.php?rest_route=\/wp\/v2\/users\/1"}],"replies":[{"embeddable":true,"href":"https:\/\/themexicopost.com\/index.php?rest_route=%2Fwp%2Fv2%2Fcomments&post=59947"}],"version-history":[{"count":1,"href":"https:\/\/themexicopost.com\/index.php?rest_route=\/wp\/v2\/posts\/59947\/revisions"}],"predecessor-version":[{"id":59949,"href":"https:\/\/themexicopost.com\/index.php?rest_route=\/wp\/v2\/posts\/59947\/revisions\/59949"}],"wp:featuredmedia":[{"embeddable":true,"href":"https:\/\/themexicopost.com\/index.php?rest_route=\/wp\/v2\/media\/59948"}],"wp:attachment":[{"href":"https:\/\/themexicopost.com\/index.php?rest_route=%2Fwp%2Fv2%2Fmedia&parent=59947"}],"wp:term":[{"taxonomy":"category","embeddable":true,"href":"https:\/\/themexicopost.com\/index.php?rest_route=%2Fwp%2Fv2%2Fcategories&post=59947"},{"taxonomy":"post_tag","embeddable":true,"href":"https:\/\/themexicopost.com\/index.php?rest_route=%2Fwp%2Fv2%2Ftags&post=59947"}],"curies":[{"name":"wp","href":"https:\/\/api.w.org\/{rel}","templated":true}]}}