{"id":59972,"date":"2025-05-27T08:03:24","date_gmt":"2025-05-27T14:03:24","guid":{"rendered":"https:\/\/themexicopost.com\/?p=59972"},"modified":"2025-06-26T05:15:43","modified_gmt":"2025-06-26T11:15:43","slug":"netanyahu-esta-usando-gaza-para-amenazar-la-democracia-de-israel-gali-baharav","status":"publish","type":"post","link":"https:\/\/themexicopost.com\/?p=59972","title":{"rendered":"Netanyahu est\u00e1 usando Gaza para amenazar la democracia de Israel: Gali Baharav"},"content":{"rendered":"\n<figure class=\"wp-block-pullquote\"><blockquote><p>Afirma que el primer ministro usa la guerra para impulsar legislaciones que ponen en jaque la democracia.<\/p><\/blockquote><\/figure>\n\n\n\n<p class=\"has-drop-cap\">La fiscal general de Israel, Gali Baharav Miara, ha acusado al Gobierno del primer ministro Benjamin Netanyahu de utilizar la guerra en la Franja de Gaza como una distracci\u00f3n para impulsar legislaciones que ponen en jaque la democracia, especialmente la independencia judicial.<br><\/p>\n\n\n\n<p>En un discurso, Baharav Miara declar\u00f3: &#8220;Hay un debilitamiento considerable de las instituciones democr\u00e1ticas. &#8220;El da\u00f1o continuo al poder judicial es particularmente peligroso&#8221;.<br><\/p>\n\n\n\n<p>Gali Baharav ha criticado estas medidas impulsadas por Netanyahu, se\u00f1alando que podr\u00edan cambiar la imagen del pa\u00eds como una democracia con un sistema judicial independiente.<br><\/p>\n\n\n\n<p>Por su parte, el presidente del Tribunal Supremo, Isaac Amit, ha calificado de delicado y fr\u00e1gil el tejido democr\u00e1tico del pa\u00eds.<br><\/p>\n\n\n\n<p>Amit ha asegurado que los intentos de socavar el principio de independencia judicial no tendr\u00e1n \u00e9xito pese a que la Justicia est\u00e9 bajo ataque; el poder judicial se mantendr\u00e1 firme ante los intentos de erosionar su poder.<br><\/p>\n\n\n\n<p>En respuesta a las cr\u00edticas del presidente del Supremo, el ministro de Justicia israel\u00ed, Yariv Levin, ha asegurado que lo que est\u00e1 bajo ataque es la soberan\u00eda de la gente.<br><\/p>\n\n\n\n<p>Estas cr\u00edticas se dan despu\u00e9s de que el Parlamento israel\u00ed aprobara a finales de marzo la pol\u00e9mica reforma judicial impulsada por Netanyahu, con la que el Gobierno busca aumentar su poder en el nombramiento de jueces y limitar as\u00ed las decisiones de los tribunales.<\/p>\n","protected":false},"excerpt":{"rendered":"<p>Afirma que el primer ministro usa la guerra para impulsar legislaciones que ponen en jaque la democracia. La fiscal general de Israel, Gali Baharav Miara, ha acusado al Gobierno del primer ministro Benjamin Netanyahu de utilizar la guerra en la Franja de Gaza como una distracci\u00f3n para impulsar legislaciones que ponen en jaque la democracia, [&hellip;]<\/p>\n","protected":false},"author":1,"featured_media":59973,"comment_status":"closed","ping_status":"closed","sticky":false,"template":"","format":"standard","meta":{"footnotes":""},"categories":[83,80,85],"tags":[],"class_list":["post-59972","post","type-post","status-publish","format-standard","has-post-thumbnail","hentry","category-destacado","category-mundo","category-portada"],"_links":{"self":[{"href":"https:\/\/themexicopost.com\/index.php?rest_route=\/wp\/v2\/posts\/59972","targetHints":{"allow":["GET"]}}],"collection":[{"href":"https:\/\/themexicopost.com\/index.php?rest_route=\/wp\/v2\/posts"}],"about":[{"href":"https:\/\/themexicopost.com\/index.php?rest_route=\/wp\/v2\/types\/post"}],"author":[{"embeddable":true,"href":"https:\/\/themexicopost.com\/index.php?rest_route=\/wp\/v2\/users\/1"}],"replies":[{"embeddable":true,"href":"https:\/\/themexicopost.com\/index.php?rest_route=%2Fwp%2Fv2%2Fcomments&post=59972"}],"version-history":[{"count":1,"href":"https:\/\/themexicopost.com\/index.php?rest_route=\/wp\/v2\/posts\/59972\/revisions"}],"predecessor-version":[{"id":59974,"href":"https:\/\/themexicopost.com\/index.php?rest_route=\/wp\/v2\/posts\/59972\/revisions\/59974"}],"wp:featuredmedia":[{"embeddable":true,"href":"https:\/\/themexicopost.com\/index.php?rest_route=\/wp\/v2\/media\/59973"}],"wp:attachment":[{"href":"https:\/\/themexicopost.com\/index.php?rest_route=%2Fwp%2Fv2%2Fmedia&parent=59972"}],"wp:term":[{"taxonomy":"category","embeddable":true,"href":"https:\/\/themexicopost.com\/index.php?rest_route=%2Fwp%2Fv2%2Fcategories&post=59972"},{"taxonomy":"post_tag","embeddable":true,"href":"https:\/\/themexicopost.com\/index.php?rest_route=%2Fwp%2Fv2%2Ftags&post=59972"}],"curies":[{"name":"wp","href":"https:\/\/api.w.org\/{rel}","templated":true}]}}