{"id":60229,"date":"2025-05-30T08:18:33","date_gmt":"2025-05-30T14:18:33","guid":{"rendered":"https:\/\/themexicopost.com\/?p=60229"},"modified":"2025-06-26T05:23:49","modified_gmt":"2025-06-26T11:23:49","slug":"lluvias-en-nigeria-han-dejado-alrededor-de-21-muertos","status":"publish","type":"post","link":"https:\/\/themexicopost.com\/?p=60229","title":{"rendered":"Lluvias en Nigeria han dejado alrededor de 21 muertos"},"content":{"rendered":"\n<figure class=\"wp-block-pullquote\"><blockquote><p>Nigeria es propensa a inundaciones durante la temporada de lluvias, que comenz\u00f3 en abril.<\/p><\/blockquote><\/figure>\n\n\n\n<p class=\"has-drop-cap\">Al menos 21 personas murieron en el centro-norte de Nigeria, donde sus hogares quedaron destruidos por las fuertes lluvias y casi una docena se encontraban desaparecidas, inform\u00f3 la agencia local de emergencias.<br><\/p>\n\n\n\n<p>Ibrahim Hussaini, director de la Agencia de Gesti\u00f3n de Emergencias del Estado de N\u00edger, declar\u00f3 que 50 casas quedaron sumergidas en dos comunidades del estado.<br><\/p>\n\n\n\n<p>Hasta el momento se han recuperado 21 cuerpos en el incidente, mientras que m\u00e1s de 10 personas siguen desaparecidas mientras contin\u00faa la operaci\u00f3n de b\u00fasqueda y rescate, declar\u00f3 Hussaini.<br><\/p>\n\n\n\n<p>Nigeria es propensa a inundaciones durante la temporada de lluvias, que comenz\u00f3 en abril.<\/p>\n","protected":false},"excerpt":{"rendered":"<p>Nigeria es propensa a inundaciones durante la temporada de lluvias, que comenz\u00f3 en abril. Al menos 21 personas murieron en el centro-norte de Nigeria, donde sus hogares quedaron destruidos por las fuertes lluvias y casi una docena se encontraban desaparecidas, inform\u00f3 la agencia local de emergencias. Ibrahim Hussaini, director de la Agencia de Gesti\u00f3n de [&hellip;]<\/p>\n","protected":false},"author":1,"featured_media":60230,"comment_status":"closed","ping_status":"closed","sticky":false,"template":"","format":"standard","meta":{"footnotes":""},"categories":[80],"tags":[],"class_list":["post-60229","post","type-post","status-publish","format-standard","has-post-thumbnail","hentry","category-mundo"],"_links":{"self":[{"href":"https:\/\/themexicopost.com\/index.php?rest_route=\/wp\/v2\/posts\/60229","targetHints":{"allow":["GET"]}}],"collection":[{"href":"https:\/\/themexicopost.com\/index.php?rest_route=\/wp\/v2\/posts"}],"about":[{"href":"https:\/\/themexicopost.com\/index.php?rest_route=\/wp\/v2\/types\/post"}],"author":[{"embeddable":true,"href":"https:\/\/themexicopost.com\/index.php?rest_route=\/wp\/v2\/users\/1"}],"replies":[{"embeddable":true,"href":"https:\/\/themexicopost.com\/index.php?rest_route=%2Fwp%2Fv2%2Fcomments&post=60229"}],"version-history":[{"count":1,"href":"https:\/\/themexicopost.com\/index.php?rest_route=\/wp\/v2\/posts\/60229\/revisions"}],"predecessor-version":[{"id":60231,"href":"https:\/\/themexicopost.com\/index.php?rest_route=\/wp\/v2\/posts\/60229\/revisions\/60231"}],"wp:featuredmedia":[{"embeddable":true,"href":"https:\/\/themexicopost.com\/index.php?rest_route=\/wp\/v2\/media\/60230"}],"wp:attachment":[{"href":"https:\/\/themexicopost.com\/index.php?rest_route=%2Fwp%2Fv2%2Fmedia&parent=60229"}],"wp:term":[{"taxonomy":"category","embeddable":true,"href":"https:\/\/themexicopost.com\/index.php?rest_route=%2Fwp%2Fv2%2Fcategories&post=60229"},{"taxonomy":"post_tag","embeddable":true,"href":"https:\/\/themexicopost.com\/index.php?rest_route=%2Fwp%2Fv2%2Ftags&post=60229"}],"curies":[{"name":"wp","href":"https:\/\/api.w.org\/{rel}","templated":true}]}}