{"id":60251,"date":"2025-05-30T08:31:11","date_gmt":"2025-05-30T14:31:11","guid":{"rendered":"https:\/\/themexicopost.com\/?p=60251"},"modified":"2025-06-26T05:23:43","modified_gmt":"2025-06-26T11:23:43","slug":"t-mec-negociarlo-exige-solido-equipo","status":"publish","type":"post","link":"https:\/\/themexicopost.com\/?p=60251","title":{"rendered":"T-MEC, NEGOCIARLO EXIGE S\u00d3LIDO EQUIPO"},"content":{"rendered":"\n<figure class=\"wp-block-pullquote\"><blockquote><p><strong>Por: Jos\u00e9 Fonseca<\/strong><\/p><\/blockquote><\/figure>\n\n\n\n<p class=\"has-drop-cap\">Mal har\u00eda el titular de Econom\u00eda, Marcelo Ebrard, si no capitalizara pol\u00edticamente la encomienda de seguir la l\u00ednea presidencial en la relaci\u00f3n comercial con la Casa Blanca y cabildear aqu\u00ed la pol\u00edtica econ\u00f3mica del r\u00e9gimen.<br><\/p>\n\n\n\n<p>Su eficaz equipo errar\u00eda si supone que ser\u00eda la figura central de las negociaciones del T-MEC del pr\u00f3ximo oto\u00f1o. Hay tanto en juego que errar\u00eda quien olvidara que las decisiones las toma solo la presidenta Sheinbaum.<br><\/p>\n\n\n\n<p>Quiz\u00e1 a Ebrard se le encargar\u00eda encabezar el equipo que negocie con la Casa Blanca, pero Palacio coordina y decide, pues de la renovaci\u00f3n del T-MEC depender\u00e1 la pol\u00edtica econ\u00f3mica sexenal y, quieran o no, hasta la continuidad de la pol\u00edtica social y todo lo dem\u00e1s.<br><\/p>\n\n\n\n<p>\u00bfSeguir\u00e1 el Sistema Penal Acusatorio?<br><\/p>\n\n\n\n<p>Hace 17 a\u00f1os se reformaron art\u00edculos constitucionales para hacer del sistema penal de M\u00e9xico un sistema penal acusatorio en el cual, a diferencia del existente entonces, la carga de la prueba recae en la acusaci\u00f3n.<br><\/p>\n\n\n\n<p>Adem\u00e1s de obligatorios juicios orales para dar a la fiscal\u00eda, la defensa y la v\u00edctima igualdad de oportunidades de ser o\u00eddas y presentar sus pruebas ante un juez independiente e imparcial que debe presidir cada audiencia del juicio.<br><\/p>\n\n\n\n<p>\u00bfDesaparecer\u00e1 en el nuevo sistema de justicia de la Rep\u00fablica la garant\u00eda de que nadie pod\u00eda ser juzgado solo porque lo acusa un fiscal, federal o local, porque constitucionalmente hab\u00eda presunci\u00f3n de inocencia y la carga de la prueba la ten\u00edan los fiscales? Conste, es pregunta.<br><\/p>\n\n\n\n<p>Conflicto con la CNTE, juego de vencidas<br><\/p>\n\n\n\n<p>Una de las acepciones de pulso, dice el diccionario, es el enfrentamiento entre fuerzas que mantienen puntos de vista diferentes, es lo que coloquialmente llamamos un juego de vencidas.<br><\/p>\n\n\n\n<p>Con apenas el 10 por ciento del magisterio en sus filas, los dirigentes de la coordinadora magisterial, la CNTE, aprovechando su acumulada experiencia y la soberbia resultado de 20 a\u00f1os de impunidad, han retado al Gobierno de la Rep\u00fablica a un juego de vencidas.<br><\/p>\n\n\n\n<p>La astucia de la CNTE es el c\u00e1lculo de que el Gobierno, por su ret\u00f3rica de \u201cno reprimir\u201d, est\u00e1 obligado a ser paciente, veremos qu\u00e9 ganan por desocupar por ahora la CDMX, o si alguien recuerda que hay un punto l\u00edmite en que la paciencia deja de ser virtud, seg\u00fan el brit\u00e1nico Edmund Burke.<\/p>\n\n\n\n<p><\/p>\n","protected":false},"excerpt":{"rendered":"<p>Por: Jos\u00e9 Fonseca Mal har\u00eda el titular de Econom\u00eda, Marcelo Ebrard, si no capitalizara pol\u00edticamente la encomienda de seguir la l\u00ednea presidencial en la relaci\u00f3n comercial con la Casa Blanca y cabildear aqu\u00ed la pol\u00edtica econ\u00f3mica del r\u00e9gimen. Su eficaz equipo errar\u00eda si supone que ser\u00eda la figura central de las negociaciones del T-MEC del [&hellip;]<\/p>\n","protected":false},"author":1,"featured_media":60252,"comment_status":"closed","ping_status":"closed","sticky":false,"template":"","format":"standard","meta":{"footnotes":""},"categories":[84],"tags":[],"class_list":["post-60251","post","type-post","status-publish","format-standard","has-post-thumbnail","hentry","category-editorial"],"_links":{"self":[{"href":"https:\/\/themexicopost.com\/index.php?rest_route=\/wp\/v2\/posts\/60251","targetHints":{"allow":["GET"]}}],"collection":[{"href":"https:\/\/themexicopost.com\/index.php?rest_route=\/wp\/v2\/posts"}],"about":[{"href":"https:\/\/themexicopost.com\/index.php?rest_route=\/wp\/v2\/types\/post"}],"author":[{"embeddable":true,"href":"https:\/\/themexicopost.com\/index.php?rest_route=\/wp\/v2\/users\/1"}],"replies":[{"embeddable":true,"href":"https:\/\/themexicopost.com\/index.php?rest_route=%2Fwp%2Fv2%2Fcomments&post=60251"}],"version-history":[{"count":1,"href":"https:\/\/themexicopost.com\/index.php?rest_route=\/wp\/v2\/posts\/60251\/revisions"}],"predecessor-version":[{"id":60253,"href":"https:\/\/themexicopost.com\/index.php?rest_route=\/wp\/v2\/posts\/60251\/revisions\/60253"}],"wp:featuredmedia":[{"embeddable":true,"href":"https:\/\/themexicopost.com\/index.php?rest_route=\/wp\/v2\/media\/60252"}],"wp:attachment":[{"href":"https:\/\/themexicopost.com\/index.php?rest_route=%2Fwp%2Fv2%2Fmedia&parent=60251"}],"wp:term":[{"taxonomy":"category","embeddable":true,"href":"https:\/\/themexicopost.com\/index.php?rest_route=%2Fwp%2Fv2%2Fcategories&post=60251"},{"taxonomy":"post_tag","embeddable":true,"href":"https:\/\/themexicopost.com\/index.php?rest_route=%2Fwp%2Fv2%2Ftags&post=60251"}],"curies":[{"name":"wp","href":"https:\/\/api.w.org\/{rel}","templated":true}]}}