{"id":60671,"date":"2025-06-06T07:55:27","date_gmt":"2025-06-06T13:55:27","guid":{"rendered":"https:\/\/themexicopost.com\/?p=60671"},"modified":"2025-06-26T05:25:49","modified_gmt":"2025-06-26T11:25:49","slug":"causan-integrantes-del-ceteg-destrozos-y-queman-parte-del-edificio-del-snte-en-cdmx","status":"publish","type":"post","link":"https:\/\/themexicopost.com\/?p=60671","title":{"rendered":"Causan integrantes del CETEG destrozos y queman parte del edificio del SNTE en CDMX"},"content":{"rendered":"\n<figure class=\"wp-block-pullquote\"><blockquote><p>Los manifestantes intentaron ingresar por la fuerza al edificio utilizando mazos y palos<\/p><\/blockquote><\/figure>\n\n\n\n<p class=\"has-drop-cap\">Fue un grupo radical de integrantes de la Coordinadora Estatal de Trabajadores de la Educaci\u00f3n en Guerrero (CETEG) qui\u00e9n inici\u00f3 una violenta protesta violenta frente a las oficinas del Sindicato Nacional de Trabajadores de la Educaci\u00f3n (SNTE), ubicadas en la calle Rep\u00fablica de Venezuela, en el Centro Hist\u00f3rico de la CDMX.<br><\/p>\n\n\n\n<p>Los manifestantes intentaron ingresar por la fuerza al edificio utilizando mazos y palos, buscaban derribar la puerta principal, hicieron pintas, derribaron vallas.<br><\/p>\n\n\n\n<p>Los integrantes al ingresar a las oficinas las quemaron, adem\u00e1s de incendiar papeler\u00eda y mobiliario que estaba dentro del edificio del SNTE, las llamas se ve\u00edan desde lo lejos poniendo en riesgo a miles de personas.<br><\/p>\n\n\n\n<p>CETEG reclaman que se tenga un manejo transparente del dinero. Se\u00f1alaron que est\u00e1n hartos porque no saben en qu\u00e9 se gasta el dinero el SNTE.<br><\/p>\n\n\n\n<p>Este violento grupo tambi\u00e9n vandaliz\u00f3 las instalaciones de la Segob, adem\u00e1s no solo atac\u00f3 la sede de un edificio, sino que lanz\u00f3 amenazas a reporteros y peatones que intentaban grabar los hechos, les advirtieron que les iban a quitar sus celulares y c\u00e1maras.<br><\/p>\n\n\n\n<p>Los maestros de la Coordinadora Nacional de Trabajadores de la Educaci\u00f3n (CNTE) llevaron a cabo una protesta en las oficinas de Pensionissste en Buenavista, luego de marchar desde la estaci\u00f3n del Metro Revoluci\u00f3n.<br><\/p>\n\n\n\n<p>Los radicales piden lo mismo que la CNTE: Mejoras laborales y la derogaci\u00f3n de la Ley del ISSSTE de 2007.<br><\/p>\n\n\n\n<p>Elementos del Heroico cuerpo de Bomberos de la CDMX han llegado a tratar de sofocar las llamas en el edificio de 5 niveles.<\/p>\n","protected":false},"excerpt":{"rendered":"<p>Los manifestantes intentaron ingresar por la fuerza al edificio utilizando mazos y palos Fue un grupo radical de integrantes de la Coordinadora Estatal de Trabajadores de la Educaci\u00f3n en Guerrero (CETEG) qui\u00e9n inici\u00f3 una violenta protesta violenta frente a las oficinas del Sindicato Nacional de Trabajadores de la Educaci\u00f3n (SNTE), ubicadas en la calle Rep\u00fablica [&hellip;]<\/p>\n","protected":false},"author":1,"featured_media":60672,"comment_status":"closed","ping_status":"closed","sticky":false,"template":"","format":"standard","meta":{"footnotes":""},"categories":[1],"tags":[],"class_list":["post-60671","post","type-post","status-publish","format-standard","has-post-thumbnail","hentry","category-sin-categoria"],"_links":{"self":[{"href":"https:\/\/themexicopost.com\/index.php?rest_route=\/wp\/v2\/posts\/60671","targetHints":{"allow":["GET"]}}],"collection":[{"href":"https:\/\/themexicopost.com\/index.php?rest_route=\/wp\/v2\/posts"}],"about":[{"href":"https:\/\/themexicopost.com\/index.php?rest_route=\/wp\/v2\/types\/post"}],"author":[{"embeddable":true,"href":"https:\/\/themexicopost.com\/index.php?rest_route=\/wp\/v2\/users\/1"}],"replies":[{"embeddable":true,"href":"https:\/\/themexicopost.com\/index.php?rest_route=%2Fwp%2Fv2%2Fcomments&post=60671"}],"version-history":[{"count":1,"href":"https:\/\/themexicopost.com\/index.php?rest_route=\/wp\/v2\/posts\/60671\/revisions"}],"predecessor-version":[{"id":60673,"href":"https:\/\/themexicopost.com\/index.php?rest_route=\/wp\/v2\/posts\/60671\/revisions\/60673"}],"wp:featuredmedia":[{"embeddable":true,"href":"https:\/\/themexicopost.com\/index.php?rest_route=\/wp\/v2\/media\/60672"}],"wp:attachment":[{"href":"https:\/\/themexicopost.com\/index.php?rest_route=%2Fwp%2Fv2%2Fmedia&parent=60671"}],"wp:term":[{"taxonomy":"category","embeddable":true,"href":"https:\/\/themexicopost.com\/index.php?rest_route=%2Fwp%2Fv2%2Fcategories&post=60671"},{"taxonomy":"post_tag","embeddable":true,"href":"https:\/\/themexicopost.com\/index.php?rest_route=%2Fwp%2Fv2%2Ftags&post=60671"}],"curies":[{"name":"wp","href":"https:\/\/api.w.org\/{rel}","templated":true}]}}