{"id":60674,"date":"2025-06-06T07:56:01","date_gmt":"2025-06-06T13:56:01","guid":{"rendered":"https:\/\/themexicopost.com\/?p=60674"},"modified":"2025-06-26T05:25:47","modified_gmt":"2025-06-26T11:25:47","slug":"asegura-embajador-johnson-que-eua-trabaja-con-mexico-para-frenar-el-trafico-de-armas","status":"publish","type":"post","link":"https:\/\/themexicopost.com\/?p=60674","title":{"rendered":"Asegura embajador Johnson que EUA trabaja con M\u00e9xico para frenar el tr\u00e1fico de armas"},"content":{"rendered":"\n<figure class=\"wp-block-pullquote\"><blockquote><p>Ronald Johnson reiter\u00f3 la labor de ambos pa\u00edses para desmantelar las redes que alimentan la violencia.<\/p><\/blockquote><\/figure>\n\n\n\n<p class=\"has-drop-cap\">Los Estados Unidos, bajo el liderazgo de Donald Trump, trabaja con la presidenta de M\u00e9xico, Claudia Sheinbaum y su equipo para frenar el tr\u00e1fico de armas y desmantelar las redes que alimentan la violencia, asegur\u00f3 el embajador de Estados Unidos en M\u00e9xico, Ronald Johnson.<br><\/p>\n\n\n\n<p>Afirm\u00f3 que trabajando juntos hacemos que nuestros pa\u00edses sean m\u00e1s fuertes y seguros, en un mensaje difundido en la red social X, luego de que la Suprema Corte de Estados Unidos impidi\u00f3 que dos empresas de armas fueran demandadas por el gobierno de M\u00e9xico, que les acusa de ayudar al tr\u00e1fico ilegal de armas de fuego.<br><\/p>\n\n\n\n<p>Con un fallo de 9-0, los jueces anularon la sentencia de un tribunal inferior que hab\u00eda permitido que prosiguiera la demanda contra el fabricante de armas de fuego Smith &amp; Wesson y el distribuidor Interstate Arms.<br><\/p>\n\n\n\n<figure class=\"wp-block-image size-large\"><img fetchpriority=\"high\" decoding=\"async\" width=\"1024\" height=\"684\" src=\"https:\/\/themexicopost.com\/wp-content\/uploads\/2025\/06\/3asegura-2-1024x684.jpg\" alt=\"\" class=\"wp-image-60676\" srcset=\"https:\/\/themexicopost.com\/wp-content\/uploads\/2025\/06\/3asegura-2-1024x684.jpg 1024w, https:\/\/themexicopost.com\/wp-content\/uploads\/2025\/06\/3asegura-2-300x201.jpg 300w, https:\/\/themexicopost.com\/wp-content\/uploads\/2025\/06\/3asegura-2-768x513.jpg 768w, https:\/\/themexicopost.com\/wp-content\/uploads\/2025\/06\/3asegura-2.jpg 1200w\" sizes=\"(max-width: 1024px) 100vw, 1024px\" \/><\/figure>\n\n\n\n<p>El tribunal de primera instancia hab\u00eda considerado plausible el argumento de M\u00e9xico de que las empresas ayudaron e instigaron la venta ilegal de armas, perjudicando a su Gobierno.<br><\/p>\n\n\n\n<p>El Gobierno de M\u00e9xico reaccion\u00f3 a este rechaz\u00f3 de la decisi\u00f3n de la Corte Suprema estadounidense y anunci\u00f3 que continuar\u00e1 haciendo lo que est\u00e9 a su alcance para frenar el tr\u00e1fico il\u00edcito de armas, agotando todos los recursos legales y diplom\u00e1ticos disponibles.<br><\/p>\n\n\n\n<p>Smith &amp; Wesson e Interstate Arms hab\u00edan solicitado la desestimaci\u00f3n de la demanda de M\u00e9xico, presentada en Boston en 2021, al amparo de una ley estadounidense de 2005 denominada Ley de Protecci\u00f3n del Comercio Legal de Armas, que exime a las empresas armament\u00edsticas de responsabilidad por delitos cometidos con sus productos.<br><\/p>\n\n\n\n<p>En tanto, la Secretar\u00eda de Relaciones Exteriores (SRE) detall\u00f3 en un comunicado que este fallo no afecta el curso de una segunda demanda presentada por M\u00e9xico en Tucson, Arizona, en 2022, contra de cinco tiendas distribuidoras de armas. &#8220;Dicha demanda sigue avanzando y se encuentra en la etapa de producci\u00f3n de evidencia&#8221;, dijo.<\/p>\n","protected":false},"excerpt":{"rendered":"<p>Ronald Johnson reiter\u00f3 la labor de ambos pa\u00edses para desmantelar las redes que alimentan la violencia. Los Estados Unidos, bajo el liderazgo de Donald Trump, trabaja con la presidenta de M\u00e9xico, Claudia Sheinbaum y su equipo para frenar el tr\u00e1fico de armas y desmantelar las redes que alimentan la violencia, asegur\u00f3 el embajador de Estados [&hellip;]<\/p>\n","protected":false},"author":1,"featured_media":60675,"comment_status":"closed","ping_status":"closed","sticky":false,"template":"","format":"standard","meta":{"footnotes":""},"categories":[83,81],"tags":[],"class_list":["post-60674","post","type-post","status-publish","format-standard","has-post-thumbnail","hentry","category-destacado","category-nacional"],"_links":{"self":[{"href":"https:\/\/themexicopost.com\/index.php?rest_route=\/wp\/v2\/posts\/60674","targetHints":{"allow":["GET"]}}],"collection":[{"href":"https:\/\/themexicopost.com\/index.php?rest_route=\/wp\/v2\/posts"}],"about":[{"href":"https:\/\/themexicopost.com\/index.php?rest_route=\/wp\/v2\/types\/post"}],"author":[{"embeddable":true,"href":"https:\/\/themexicopost.com\/index.php?rest_route=\/wp\/v2\/users\/1"}],"replies":[{"embeddable":true,"href":"https:\/\/themexicopost.com\/index.php?rest_route=%2Fwp%2Fv2%2Fcomments&post=60674"}],"version-history":[{"count":1,"href":"https:\/\/themexicopost.com\/index.php?rest_route=\/wp\/v2\/posts\/60674\/revisions"}],"predecessor-version":[{"id":60677,"href":"https:\/\/themexicopost.com\/index.php?rest_route=\/wp\/v2\/posts\/60674\/revisions\/60677"}],"wp:featuredmedia":[{"embeddable":true,"href":"https:\/\/themexicopost.com\/index.php?rest_route=\/wp\/v2\/media\/60675"}],"wp:attachment":[{"href":"https:\/\/themexicopost.com\/index.php?rest_route=%2Fwp%2Fv2%2Fmedia&parent=60674"}],"wp:term":[{"taxonomy":"category","embeddable":true,"href":"https:\/\/themexicopost.com\/index.php?rest_route=%2Fwp%2Fv2%2Fcategories&post=60674"},{"taxonomy":"post_tag","embeddable":true,"href":"https:\/\/themexicopost.com\/index.php?rest_route=%2Fwp%2Fv2%2Ftags&post=60674"}],"curies":[{"name":"wp","href":"https:\/\/api.w.org\/{rel}","templated":true}]}}