{"id":60684,"date":"2025-06-06T08:02:02","date_gmt":"2025-06-06T14:02:02","guid":{"rendered":"https:\/\/themexicopost.com\/?p=60684"},"modified":"2025-06-26T05:25:44","modified_gmt":"2025-06-26T11:25:44","slug":"ya-son-300-mil-hectareas-las-arrasadas-por-el-peor-incendio-forestal-del-ano-en-canada","status":"publish","type":"post","link":"https:\/\/themexicopost.com\/?p=60684","title":{"rendered":"Ya son 300 mil hect\u00e1reas las arrasadas por el peor incendio forestal del a\u00f1o en Canad\u00e1"},"content":{"rendered":"\n<figure class=\"wp-block-pullquote\"><blockquote><p>El humo de estos incendios se est\u00e1 propagando por grandes \u00e1reas no solo de Norteam\u00e9rica sino tambi\u00e9n de Europa.<\/p><\/blockquote><\/figure>\n\n\n\n<p class=\"has-drop-cap\">Las autoridades de la provincia canadiense de Manitoba advirtieron que el incendio forestal que ha obligado a evacuar a unas 17.000 personas en los \u00faltimos d\u00edas tiene ahora una superficie de 3.000 kil\u00f3metros cuadrados tras fusionarse con otro fuego. Pero las condiciones meteorol\u00f3gicas est\u00e1n empezando a favorecer las labores de extinci\u00f3n de las llamas.<br><\/p>\n\n\n\n<p>&#8220;Estamos teniendo temperaturas m\u00e1s fr\u00edas, una humedad un poco m\u00e1s elevada y los vientos han sido entre bajos y moderados&#8221;, declar\u00f3 la viceministra de Servicios Forestales de Manitoba, Kristin Hayward, en una rueda de prensa.<br><\/p>\n\n\n\n<p>La provincia es la m\u00e1s afectada por una oleada de incendios en todo el oeste de Canad\u00e1. Hasta la fecha, Manitoba tiene activos 27 incendios forestales y m\u00e1s de 17.000 personas, en su mayor\u00eda ind\u00edgenas de remotas comunidades del norte del territorio, han sido desplazadas.<br><\/p>\n\n\n\n<p>En la vecina provincia de Saskatchewan, donde algo m\u00e1s de 8.000 personas han sido evacuadas de sus hogares, hay 25 incendios forestales activos.<br><\/p>\n\n\n\n<p>Las autoridades de Alberta, otra de las provincias del oeste de Canad\u00e1, informaron que 52 incendios forestales est\u00e1n activos y que varias remotas comunidades han sido totalmente destruidas por las llamas en el norte del territorio.<br><\/p>\n\n\n\n<p>Las llamas tambi\u00e9n han forzado a varias compa\u00f1\u00edas petrol\u00edferas a suspender sus operaciones en el norte de Alberta. El sector calcula que las llamas han forzado a paralizar la extracci\u00f3n de 350.000 barriles de petr\u00f3leo al d\u00eda, alrededor de un 7 % de la producci\u00f3n de Canad\u00e1.<br><\/p>\n\n\n\n<p>Las \u00faltimas cifras oficiales se\u00f1alan que en todo Canad\u00e1 est\u00e1n activos 208 incendios forestales (11 m\u00e1s que ayer) y que este a\u00f1o, las llamas han consumido 1,4 millones de hect\u00e1reas.<br><\/p>\n\n\n\n<p>El humo de estos incendios se est\u00e1 propagando por grandes \u00e1reas no solo de Norteam\u00e9rica sino tambi\u00e9n de Europa.<br><\/p>\n\n\n\n<p>El Ministerio de Medio Ambiente de Canad\u00e1 mantiene este jueves advertencias en gran parte del oeste del pa\u00eds sobre la baja calidad del aire y la baja visibilidad provocadas por el humo.<\/p>\n","protected":false},"excerpt":{"rendered":"<p>El humo de estos incendios se est\u00e1 propagando por grandes \u00e1reas no solo de Norteam\u00e9rica sino tambi\u00e9n de Europa. Las autoridades de la provincia canadiense de Manitoba advirtieron que el incendio forestal que ha obligado a evacuar a unas 17.000 personas en los \u00faltimos d\u00edas tiene ahora una superficie de 3.000 kil\u00f3metros cuadrados tras fusionarse [&hellip;]<\/p>\n","protected":false},"author":1,"featured_media":60685,"comment_status":"closed","ping_status":"closed","sticky":false,"template":"","format":"standard","meta":{"footnotes":""},"categories":[80],"tags":[],"class_list":["post-60684","post","type-post","status-publish","format-standard","has-post-thumbnail","hentry","category-mundo"],"_links":{"self":[{"href":"https:\/\/themexicopost.com\/index.php?rest_route=\/wp\/v2\/posts\/60684","targetHints":{"allow":["GET"]}}],"collection":[{"href":"https:\/\/themexicopost.com\/index.php?rest_route=\/wp\/v2\/posts"}],"about":[{"href":"https:\/\/themexicopost.com\/index.php?rest_route=\/wp\/v2\/types\/post"}],"author":[{"embeddable":true,"href":"https:\/\/themexicopost.com\/index.php?rest_route=\/wp\/v2\/users\/1"}],"replies":[{"embeddable":true,"href":"https:\/\/themexicopost.com\/index.php?rest_route=%2Fwp%2Fv2%2Fcomments&post=60684"}],"version-history":[{"count":1,"href":"https:\/\/themexicopost.com\/index.php?rest_route=\/wp\/v2\/posts\/60684\/revisions"}],"predecessor-version":[{"id":60686,"href":"https:\/\/themexicopost.com\/index.php?rest_route=\/wp\/v2\/posts\/60684\/revisions\/60686"}],"wp:featuredmedia":[{"embeddable":true,"href":"https:\/\/themexicopost.com\/index.php?rest_route=\/wp\/v2\/media\/60685"}],"wp:attachment":[{"href":"https:\/\/themexicopost.com\/index.php?rest_route=%2Fwp%2Fv2%2Fmedia&parent=60684"}],"wp:term":[{"taxonomy":"category","embeddable":true,"href":"https:\/\/themexicopost.com\/index.php?rest_route=%2Fwp%2Fv2%2Fcategories&post=60684"},{"taxonomy":"post_tag","embeddable":true,"href":"https:\/\/themexicopost.com\/index.php?rest_route=%2Fwp%2Fv2%2Ftags&post=60684"}],"curies":[{"name":"wp","href":"https:\/\/api.w.org\/{rel}","templated":true}]}}