{"id":60779,"date":"2025-06-09T08:21:25","date_gmt":"2025-06-09T14:21:25","guid":{"rendered":"https:\/\/themexicopost.com\/?p=60779"},"modified":"2025-06-26T05:25:16","modified_gmt":"2025-06-26T11:25:16","slug":"se-manifiestan-miles-de-personas-en-calles-de-roma-exigen-el-fin-de-la-guerra-en-gaza","status":"publish","type":"post","link":"https:\/\/themexicopost.com\/?p=60779","title":{"rendered":"Se manifiestan miles de personas en calles de Roma; exigen el fin de la guerra en Gaza"},"content":{"rendered":"\n<figure class=\"wp-block-pullquote\"><blockquote><p>Recientemente, la oposici\u00f3n presion\u00f3 a Meloni para que condenara p\u00fablicamente la ofensiva de Netanyahu.<\/p><\/blockquote><\/figure>\n\n\n\n<p class=\"has-drop-cap\">Decenas de miles de manifestantes marcharon por las calles de Roma contra la guerra en Gaza en una protesta convocada por los principales partidos de la oposici\u00f3n italiana, que acusan al gobierno de derecha de guardar silencio.<br><\/p>\n\n\n\n<p>Los manifestantes portaban una pancarta con la leyenda &#8220;\u00a1Alto a la masacre, alto a la complicidad!&#8221;, al inicio de la marcha, que recorri\u00f3 pac\u00edficamente el centro de Roma en medio de un despliegue masivo de banderas arco\u00edris, palestinas y de partidos pol\u00edticos.<br><\/p>\n\n\n\n<p>La protesta atrajo a una multitud diversa de todo el pa\u00eds, incluyendo numerosas familias con ni\u00f1os. Seg\u00fan los organizadores, hasta 300.000 personas participaron en la concentraci\u00f3n organizada por la oposici\u00f3n de izquierda para exigir al gobierno una postura clara sobre el conflicto en Gaza.<br><\/p>\n\n\n\n<p>\u201cEsta es una enorme respuesta popular para decir basta a la masacre de palestinos y a los cr\u00edmenes del gobierno de Benjamin Netanyahu\u201d, declar\u00f3 a la prensa en la marcha la l\u00edder del Partido Democr\u00e1tico de centroizquierda italiano, Elly Schlein.<br><\/p>\n\n\n\n<p>\u201cHay otra Italia que no guarda silencio como el gobierno de Meloni\u201d, afirm\u00f3, refiri\u00e9ndose a la primera ministra Giorgia Meloni.<br><\/p>\n\n\n\n<p>Recientemente, la oposici\u00f3n presion\u00f3 a Meloni para que condenara p\u00fablicamente la ofensiva de Netanyahu en Gaza, pero muchos observadores consideraron sus cr\u00edticas demasiado t\u00edmidas.<br><\/p>\n\n\n\n<p>A principios de esta semana, el primer ministro italiano inst\u00f3 a Israel a detener de inmediato su campa\u00f1a militar en Gaza, afirmando que sus ataques hab\u00edan aumentado desproporcionadamente y que deb\u00edan cesar para proteger a la poblaci\u00f3n civil.<br><\/p>\n\n\n\n<p>Israel enfrenta crecientes cr\u00edticas internacionales por su ofensiva y la presi\u00f3n para permitir la entrada de ayuda humanitaria a Gaza durante una crisis humanitaria.<br><\/p>\n\n\n\n<p>Gaza lleva casi tres meses bajo bloqueo israel\u00ed, y los expertos advierten que muchos de sus dos millones de habitantes corren un alto riesgo de hambruna.<\/p>\n","protected":false},"excerpt":{"rendered":"<p>Recientemente, la oposici\u00f3n presion\u00f3 a Meloni para que condenara p\u00fablicamente la ofensiva de Netanyahu. Decenas de miles de manifestantes marcharon por las calles de Roma contra la guerra en Gaza en una protesta convocada por los principales partidos de la oposici\u00f3n italiana, que acusan al gobierno de derecha de guardar silencio. Los manifestantes portaban una [&hellip;]<\/p>\n","protected":false},"author":1,"featured_media":60780,"comment_status":"closed","ping_status":"closed","sticky":false,"template":"","format":"standard","meta":{"footnotes":""},"categories":[83,80],"tags":[],"class_list":["post-60779","post","type-post","status-publish","format-standard","has-post-thumbnail","hentry","category-destacado","category-mundo"],"_links":{"self":[{"href":"https:\/\/themexicopost.com\/index.php?rest_route=\/wp\/v2\/posts\/60779","targetHints":{"allow":["GET"]}}],"collection":[{"href":"https:\/\/themexicopost.com\/index.php?rest_route=\/wp\/v2\/posts"}],"about":[{"href":"https:\/\/themexicopost.com\/index.php?rest_route=\/wp\/v2\/types\/post"}],"author":[{"embeddable":true,"href":"https:\/\/themexicopost.com\/index.php?rest_route=\/wp\/v2\/users\/1"}],"replies":[{"embeddable":true,"href":"https:\/\/themexicopost.com\/index.php?rest_route=%2Fwp%2Fv2%2Fcomments&post=60779"}],"version-history":[{"count":1,"href":"https:\/\/themexicopost.com\/index.php?rest_route=\/wp\/v2\/posts\/60779\/revisions"}],"predecessor-version":[{"id":60781,"href":"https:\/\/themexicopost.com\/index.php?rest_route=\/wp\/v2\/posts\/60779\/revisions\/60781"}],"wp:featuredmedia":[{"embeddable":true,"href":"https:\/\/themexicopost.com\/index.php?rest_route=\/wp\/v2\/media\/60780"}],"wp:attachment":[{"href":"https:\/\/themexicopost.com\/index.php?rest_route=%2Fwp%2Fv2%2Fmedia&parent=60779"}],"wp:term":[{"taxonomy":"category","embeddable":true,"href":"https:\/\/themexicopost.com\/index.php?rest_route=%2Fwp%2Fv2%2Fcategories&post=60779"},{"taxonomy":"post_tag","embeddable":true,"href":"https:\/\/themexicopost.com\/index.php?rest_route=%2Fwp%2Fv2%2Ftags&post=60779"}],"curies":[{"name":"wp","href":"https:\/\/api.w.org\/{rel}","templated":true}]}}