{"id":60782,"date":"2025-06-09T08:22:53","date_gmt":"2025-06-09T14:22:53","guid":{"rendered":"https:\/\/themexicopost.com\/?p=60782"},"modified":"2025-06-26T05:25:15","modified_gmt":"2025-06-26T11:25:15","slug":"marchan-miles-de-personas-en-rumania-exigiendo-igualdad-lgbtq","status":"publish","type":"post","link":"https:\/\/themexicopost.com\/?p=60782","title":{"rendered":"Marchan miles de personas en Ruman\u00eda exigiendo igualdad LGBTQ"},"content":{"rendered":"\n<figure class=\"wp-block-pullquote\"><blockquote><p>La marcha se produce en un momento de tensi\u00f3n en Europa Central y Oriental.<\/p><\/blockquote><\/figure>\n\n\n\n<p class=\"has-drop-cap\">Decenas de miles de rumanos se unieron a la marcha del Orgullo LGBTQ en Bucarest el s\u00e1bado, exigiendo una legislaci\u00f3n sobre uniones civiles e igualdad de derechos despu\u00e9s de que las re\u00f1idas elecciones presidenciales del mes pasado impulsaran a la extrema derecha.<br><\/p>\n\n\n\n<p>El estado de la Uni\u00f3n Europea ha ignorado hasta ahora una sentencia de 2023 del Tribunal Europeo de Derechos Humanos, que determin\u00f3 que Ruman\u00eda no hab\u00eda respetado los derechos de las parejas del mismo sexo al negarse a reconocer sus relaciones.<br><\/p>\n\n\n\n<p>Ruman\u00eda, socialmente conservadora, despenaliz\u00f3 la homosexualidad en 2001, d\u00e9cadas despu\u00e9s que otras partes de la UE, pero a\u00fan proh\u00edbe el matrimonio y las uniones civiles para las parejas del mismo sexo.<br><\/p>\n\n\n\n<p>&#8220;Queremos protecci\u00f3n legal para las parejas del mismo sexo, un procedimiento legal sencillo para la transici\u00f3n, protecci\u00f3n contra el discurso de odio y los delitos basados \u200b\u200ben prejuicios&#8221;, declar\u00f3 Teodora Roseti, presidenta de la organizaci\u00f3n rumana de derechos LGBTQ ACCEPT y organizadora del Orgullo.<br><\/p>\n\n\n\n<p>En Bucarest, los manifestantes bailaron y ondearon la bandera arco\u00edris 20 a\u00f1os despu\u00e9s de la primera marcha del Orgullo, con pancartas como &#8220;El amor es el peor sentimiento que podr\u00edas odiar&#8221; y &#8220;Igualdad en el amor, igualdad en la herencia. Uni\u00f3n civil para todos&#8221;. ACCEPT estim\u00f3 que unas 30.000 personas asistieron al desfile.<br><\/p>\n\n\n\n<p>La marcha se produce en un momento de tensi\u00f3n en Europa Central y Oriental, donde los partidos de extrema derecha han ganado terreno. Los polacos organizaron un desfile similar el s\u00e1bado.<br><\/p>\n\n\n\n<p>Horas antes de la marcha rumana, tuvo lugar una protesta m\u00e1s peque\u00f1a contra el Orgullo, en la que los participantes exigieron una naci\u00f3n cristiana ortodoxa y ondearon banderas con la cruz celta, un conocido s\u00edmbolo de la extrema derecha.<br><\/p>\n\n\n\n<p>En Ruman\u00eda, el alcalde centrista de Bucarest, Nicusor Dan, finalmente gan\u00f3 las elecciones presidenciales contra el l\u00edder de la oposici\u00f3n de extrema derecha, George Simion, un firme opositor a los derechos LGBTQ+.<br><\/p>\n\n\n\n<p>ACCEPT y el grupo de derechos LGBTQ+ Mozaiq advirtieron sobre un aumento del discurso de odio contra la comunidad durante la campa\u00f1a electoral, y su sede fue profanada. En la vecina Hungr\u00eda, el parlamento aprob\u00f3 a principios de este a\u00f1o una ley que proh\u00edbe de facto la celebraci\u00f3n de marchas del Orgullo.<\/p>\n","protected":false},"excerpt":{"rendered":"<p>La marcha se produce en un momento de tensi\u00f3n en Europa Central y Oriental. Decenas de miles de rumanos se unieron a la marcha del Orgullo LGBTQ en Bucarest el s\u00e1bado, exigiendo una legislaci\u00f3n sobre uniones civiles e igualdad de derechos despu\u00e9s de que las re\u00f1idas elecciones presidenciales del mes pasado impulsaran a la extrema [&hellip;]<\/p>\n","protected":false},"author":1,"featured_media":60783,"comment_status":"closed","ping_status":"closed","sticky":false,"template":"","format":"standard","meta":{"footnotes":""},"categories":[80],"tags":[],"class_list":["post-60782","post","type-post","status-publish","format-standard","has-post-thumbnail","hentry","category-mundo"],"_links":{"self":[{"href":"https:\/\/themexicopost.com\/index.php?rest_route=\/wp\/v2\/posts\/60782","targetHints":{"allow":["GET"]}}],"collection":[{"href":"https:\/\/themexicopost.com\/index.php?rest_route=\/wp\/v2\/posts"}],"about":[{"href":"https:\/\/themexicopost.com\/index.php?rest_route=\/wp\/v2\/types\/post"}],"author":[{"embeddable":true,"href":"https:\/\/themexicopost.com\/index.php?rest_route=\/wp\/v2\/users\/1"}],"replies":[{"embeddable":true,"href":"https:\/\/themexicopost.com\/index.php?rest_route=%2Fwp%2Fv2%2Fcomments&post=60782"}],"version-history":[{"count":1,"href":"https:\/\/themexicopost.com\/index.php?rest_route=\/wp\/v2\/posts\/60782\/revisions"}],"predecessor-version":[{"id":60784,"href":"https:\/\/themexicopost.com\/index.php?rest_route=\/wp\/v2\/posts\/60782\/revisions\/60784"}],"wp:featuredmedia":[{"embeddable":true,"href":"https:\/\/themexicopost.com\/index.php?rest_route=\/wp\/v2\/media\/60783"}],"wp:attachment":[{"href":"https:\/\/themexicopost.com\/index.php?rest_route=%2Fwp%2Fv2%2Fmedia&parent=60782"}],"wp:term":[{"taxonomy":"category","embeddable":true,"href":"https:\/\/themexicopost.com\/index.php?rest_route=%2Fwp%2Fv2%2Fcategories&post=60782"},{"taxonomy":"post_tag","embeddable":true,"href":"https:\/\/themexicopost.com\/index.php?rest_route=%2Fwp%2Fv2%2Ftags&post=60782"}],"curies":[{"name":"wp","href":"https:\/\/api.w.org\/{rel}","templated":true}]}}