{"id":60836,"date":"2025-06-10T08:14:31","date_gmt":"2025-06-10T14:14:31","guid":{"rendered":"https:\/\/themexicopost.com\/?p=60836"},"modified":"2025-06-26T05:24:57","modified_gmt":"2025-06-26T11:24:57","slug":"rm-y-v-de-bts-salen-del-servicio-militar-en-corea-del-sur","status":"publish","type":"post","link":"https:\/\/themexicopost.com\/?p=60836","title":{"rendered":"RM y V de BTS salen del servicio militar en Corea del Sur"},"content":{"rendered":"\n<figure class=\"wp-block-pullquote\"><blockquote><p>Las armys se preparan para que en 11 d\u00edas la banda surcoreana BTS este completa.<\/p><\/blockquote><\/figure>\n\n\n\n<p class=\"has-drop-cap\">A tan solo 11 d\u00edas de que la banda surcoreana BTS este de regreso, las Armys, fandom del grupo recibi\u00f3 con felicidad la salida de dos de sus integrantes.<br><\/p>\n\n\n\n<p>El l\u00edder de la banda RM y V salieron de la base militar donde realizaron su servicio militar durante casi dos a\u00f1os, siendo de los pen\u00faltimos integrantes en ser dados de baja.<br><\/p>\n\n\n\n<p>Recordar que J-Hope fue el primero en terminar su deber como ciudadano coreano, seguido de Jin, y ahora con la salida de RM y de V se espera que para el pr\u00f3ximo 21 de junio los siete miembros completen su funci\u00f3n como soldados; mientras que Suga tuvo que realizar su servicio como servidor p\u00fablico, debido a la condici\u00f3n m\u00e9dica de su hombro.<br><\/p>\n\n\n\n<p>La salida de RM y V coincide con la celebraci\u00f3n del FESTA 2025, evento anual que celebrar\u00e1 su doceavo aniversario este 2025 y que se llevar\u00e1 a la par del primer concierto encore de J-Hope en Se\u00fal para cerrar su primera gira como solista, las ARMY creen que podr\u00eda haber una gran sorpresa por parte de los idols durante el show del fin de semana.<br><\/p>\n\n\n\n<p>Pero los medios coreanos y BigHit han informado que las actividades de BTS podr\u00edan retomarse hasta el 2026, pues necesitan tiempo para planear un nuevo \u00e1lbum, gira mundial y su nueva etapa como grupo tras casi tres a\u00f1os de hiatus.<br><\/p>\n\n\n\n<p>Sin embargo BigHit inform\u00f3 que no se llevaran acabo eventos para darle la bienvenida a RM y V de BTS, las fans han posicionado las tendencias de los idols en redes sociales, adem\u00e1s algunos medios coreanos se trasladaron hasta el lugar de su salida para transmitir el momento en que salieran de la base.<br><\/p>\n\n\n\n<p>En los v\u00eddeos se mostr\u00f3 como V se despedia de sus compa\u00f1eros del ej\u00e9rcito, mientras que RM sorprendi\u00f3 a los reporteros y fans presentes mientras tocaba el saxof\u00f3n, ya que form\u00f3 parte de la banda musical dentro del ej\u00e9rcito.<br><\/p>\n\n\n\n<p>Frente a las c\u00e1maras ambos artistas saludaron a sus fans despu\u00e9s de mucho tiempo, ambos portaban sus uniformes militares.<br><\/p>\n\n\n\n<p>RM y V se enlistaron el mismo d\u00eda, y ahora se unir\u00e1n a Jin y J-Hope finalmente, y solo estar\u00e1n a la espera de Jimin y Jungkook que saldr\u00e1n ma\u00f1ana 9 de junio, tiempo de M\u00e9xico. Se desconoce si habr\u00e1 alguna reuni\u00f3n entre los integrantes o si realizaran un live en su cuenta de Weverse para saludar al ARMY.<\/p>\n","protected":false},"excerpt":{"rendered":"<p>Las armys se preparan para que en 11 d\u00edas la banda surcoreana BTS este completa. A tan solo 11 d\u00edas de que la banda surcoreana BTS este de regreso, las Armys, fandom del grupo recibi\u00f3 con felicidad la salida de dos de sus integrantes. El l\u00edder de la banda RM y V salieron de la [&hellip;]<\/p>\n","protected":false},"author":1,"featured_media":60837,"comment_status":"closed","ping_status":"closed","sticky":false,"template":"","format":"standard","meta":{"footnotes":""},"categories":[83,78],"tags":[],"class_list":["post-60836","post","type-post","status-publish","format-standard","has-post-thumbnail","hentry","category-destacado","category-espectaculos"],"_links":{"self":[{"href":"https:\/\/themexicopost.com\/index.php?rest_route=\/wp\/v2\/posts\/60836","targetHints":{"allow":["GET"]}}],"collection":[{"href":"https:\/\/themexicopost.com\/index.php?rest_route=\/wp\/v2\/posts"}],"about":[{"href":"https:\/\/themexicopost.com\/index.php?rest_route=\/wp\/v2\/types\/post"}],"author":[{"embeddable":true,"href":"https:\/\/themexicopost.com\/index.php?rest_route=\/wp\/v2\/users\/1"}],"replies":[{"embeddable":true,"href":"https:\/\/themexicopost.com\/index.php?rest_route=%2Fwp%2Fv2%2Fcomments&post=60836"}],"version-history":[{"count":1,"href":"https:\/\/themexicopost.com\/index.php?rest_route=\/wp\/v2\/posts\/60836\/revisions"}],"predecessor-version":[{"id":60838,"href":"https:\/\/themexicopost.com\/index.php?rest_route=\/wp\/v2\/posts\/60836\/revisions\/60838"}],"wp:featuredmedia":[{"embeddable":true,"href":"https:\/\/themexicopost.com\/index.php?rest_route=\/wp\/v2\/media\/60837"}],"wp:attachment":[{"href":"https:\/\/themexicopost.com\/index.php?rest_route=%2Fwp%2Fv2%2Fmedia&parent=60836"}],"wp:term":[{"taxonomy":"category","embeddable":true,"href":"https:\/\/themexicopost.com\/index.php?rest_route=%2Fwp%2Fv2%2Fcategories&post=60836"},{"taxonomy":"post_tag","embeddable":true,"href":"https:\/\/themexicopost.com\/index.php?rest_route=%2Fwp%2Fv2%2Ftags&post=60836"}],"curies":[{"name":"wp","href":"https:\/\/api.w.org\/{rel}","templated":true}]}}