{"id":60857,"date":"2025-06-10T08:19:12","date_gmt":"2025-06-10T14:19:12","guid":{"rendered":"https:\/\/themexicopost.com\/?p=60857"},"modified":"2025-06-26T05:24:52","modified_gmt":"2025-06-26T11:24:52","slug":"condena-fernandez-norona-la-caceria-de-migrantes-emprendida-por-el-gobierno-de-eua-en-los-angeles","status":"publish","type":"post","link":"https:\/\/themexicopost.com\/?p=60857","title":{"rendered":"Condena Fern\u00e1ndez Noro\u00f1a la \u201ccacer\u00eda de migrantes\u201d emprendida por el gobierno de EUA en Los \u00c1ngeles"},"content":{"rendered":"\n<figure class=\"wp-block-pullquote\"><blockquote><p>-Esa ciudad tiene 70% de poblaci\u00f3n mexicana, solo por detr\u00e1s de la Ciudad de M\u00e9xico, apunta.<\/p><\/blockquote><\/figure>\n\n\n\n<p class=\"has-drop-cap\">El presidente del Senado de la Rep\u00fablica, Gerardo Fern\u00e1ndez Noro\u00f1a, conden\u00f3 los hechos ocurridos en la ciudad de Los \u00c1ngeles, California, en donde acus\u00f3 que el gobierno de Estados Unidos emprendi\u00f3 una cacer\u00eda de migrantes, que es claramente violatoria de los derechos humanos fundamentales.<br><\/p>\n\n\n\n<p>El senador expres\u00f3 su respaldo a la presidenta Claudia Sheinbaum Pardo, quien hizo un llamado a la comunidad mexicana en aquella ciudad a actuar de manera pac\u00edfica. \u201cLas im\u00e1genes son terribles; pareciera una intervenci\u00f3n militar\u201d, lament\u00f3 el legislador.<br><\/p>\n\n\n\n<p>Anunci\u00f3 que el pr\u00f3ximo mi\u00e9rcoles, en su car\u00e1cter de presidente de la Mesa Directiva, har\u00e1 un pronunciamiento en la sesi\u00f3n de la Comisi\u00f3n Permanente, al cual manifest\u00f3 su confianza en que se sumar\u00e1n los grupos parlamentarios.<br><\/p>\n\n\n\n<p>Fern\u00e1ndez Noro\u00f1a precis\u00f3 que desde 1986 el gobierno norteamericano no ha realizado ninguna amnist\u00eda migratoria, para favorecer a millones de personas migrantes de todo el mundo que han ido a ese pa\u00eds en busca de una oportunidad y que llevan d\u00e9cadas trabajando.<br><\/p>\n\n\n\n<p>Subray\u00f3 que las y los migrantes que viven en Estados Unidos pagan impuestos y se calcula que 80% de su ingreso se queda all\u00e1; por ello, reiter\u00f3 que el gobierno del vecino pa\u00eds ha aplicado una pol\u00edtica migratoria totalmente violatoria de derechos humanos y de su marco legal vigente.<br><\/p>\n\n\n\n<p>Record\u00f3 que Los \u00c1ngeles, California, tiene 70% de poblaci\u00f3n mexicana; es la ciudad con m\u00e1s poblaci\u00f3n de connacionales en el mundo, solo despu\u00e9s de la Ciudad de M\u00e9xico.<br><\/p>\n\n\n\n<p>&#8220;Si bien el gobierno de Estados Unidos tiene derecho a instrumentar las medidas migratorias que considere convenientes, no tiene derecho a violentar la dignidad de las personas migrantes, no tiene derecho a separar a las familias, no tiene derecho a someterlos al sufrimiento, a la persecuci\u00f3n, al acoso; no tiene derecho a violar la ley que el propio gobierno de Estados Unidos y el pueblo de Estados Unidos se dio\u201d, a\u00f1adi\u00f3.<\/p>\n","protected":false},"excerpt":{"rendered":"<p>-Esa ciudad tiene 70% de poblaci\u00f3n mexicana, solo por detr\u00e1s de la Ciudad de M\u00e9xico, apunta. El presidente del Senado de la Rep\u00fablica, Gerardo Fern\u00e1ndez Noro\u00f1a, conden\u00f3 los hechos ocurridos en la ciudad de Los \u00c1ngeles, California, en donde acus\u00f3 que el gobierno de Estados Unidos emprendi\u00f3 una cacer\u00eda de migrantes, que es claramente violatoria [&hellip;]<\/p>\n","protected":false},"author":1,"featured_media":60858,"comment_status":"closed","ping_status":"closed","sticky":false,"template":"","format":"standard","meta":{"footnotes":""},"categories":[81],"tags":[],"class_list":["post-60857","post","type-post","status-publish","format-standard","has-post-thumbnail","hentry","category-nacional"],"_links":{"self":[{"href":"https:\/\/themexicopost.com\/index.php?rest_route=\/wp\/v2\/posts\/60857","targetHints":{"allow":["GET"]}}],"collection":[{"href":"https:\/\/themexicopost.com\/index.php?rest_route=\/wp\/v2\/posts"}],"about":[{"href":"https:\/\/themexicopost.com\/index.php?rest_route=\/wp\/v2\/types\/post"}],"author":[{"embeddable":true,"href":"https:\/\/themexicopost.com\/index.php?rest_route=\/wp\/v2\/users\/1"}],"replies":[{"embeddable":true,"href":"https:\/\/themexicopost.com\/index.php?rest_route=%2Fwp%2Fv2%2Fcomments&post=60857"}],"version-history":[{"count":1,"href":"https:\/\/themexicopost.com\/index.php?rest_route=\/wp\/v2\/posts\/60857\/revisions"}],"predecessor-version":[{"id":60859,"href":"https:\/\/themexicopost.com\/index.php?rest_route=\/wp\/v2\/posts\/60857\/revisions\/60859"}],"wp:featuredmedia":[{"embeddable":true,"href":"https:\/\/themexicopost.com\/index.php?rest_route=\/wp\/v2\/media\/60858"}],"wp:attachment":[{"href":"https:\/\/themexicopost.com\/index.php?rest_route=%2Fwp%2Fv2%2Fmedia&parent=60857"}],"wp:term":[{"taxonomy":"category","embeddable":true,"href":"https:\/\/themexicopost.com\/index.php?rest_route=%2Fwp%2Fv2%2Fcategories&post=60857"},{"taxonomy":"post_tag","embeddable":true,"href":"https:\/\/themexicopost.com\/index.php?rest_route=%2Fwp%2Fv2%2Ftags&post=60857"}],"curies":[{"name":"wp","href":"https:\/\/api.w.org\/{rel}","templated":true}]}}