{"id":60890,"date":"2025-06-10T08:35:52","date_gmt":"2025-06-10T14:35:52","guid":{"rendered":"https:\/\/themexicopost.com\/?p=60890"},"modified":"2025-06-26T05:24:39","modified_gmt":"2025-06-26T11:24:39","slug":"fueron-detenidas-6-personas-por-maltratar-a-pacientes-de-una-residencia-de-ancianos-de-bulgaria","status":"publish","type":"post","link":"https:\/\/themexicopost.com\/?p=60890","title":{"rendered":"Fueron detenidas 6 personas por maltratar a pacientes de una residencia de ancianos de Bulgaria"},"content":{"rendered":"\n<figure class=\"wp-block-pullquote\"><blockquote><p>Once pacientes fueron trasladados a un hospital estatal cercano, mientras que los 64 restantes fueron acogidos por familiares o alojados en centros estatales.<\/p><\/blockquote><\/figure>\n\n\n\n<p class=\"has-drop-cap\">Seis personas fueron arrestadas en una localidad b\u00falgara bajo sospecha de golpear y drogar a pacientes en una residencia privada para personas mayores, con demencia u otros problemas de salud mental, informaron las autoridades.<br><\/p>\n\n\n\n<p>Al igual que en otras partes de Europa, los ingresos en Bulgaria no han podido compensar el aumento de los costos de la atenci\u00f3n a personas mayores y a personas con problemas de salud mental, y algunos proveedores han explotado a pacientes vulnerables con niveles de atenci\u00f3n deficientes o incluso abusivos.<br><\/p>\n\n\n\n<p>&#8220;Lo m\u00e1s aterrador que vimos fue a personas sometidas a constantes maltratos f\u00edsicos: atadas, golpeadas, y tambi\u00e9n hay evidencia de drogadicci\u00f3n&#8221;, declar\u00f3 Ivan Krastev, viceministro de Trabajo y Pol\u00edtica Social, a Nova TV.<br><\/p>\n\n\n\n<p>La polic\u00eda allan\u00f3 un hospicio con 75 residentes en la localidad de Yagoda, en el centro del pa\u00eds, y arrest\u00f3 a cinco personas sospechosas de maltratar a los pacientes, y a otra el domingo.<br><\/p>\n\n\n\n<p>Se les acusa de encarcelamiento ilegal y obstrucci\u00f3n de la libre circulaci\u00f3n, falta de asistencia debida a una persona en peligro, violencia f\u00edsica y lesiones corporales, seg\u00fan declar\u00f3 a la prensa la fiscal de distrito Tanya Dimitrova el lunes.<br><\/p>\n\n\n\n<p>Once pacientes fueron trasladados a un hospital estatal cercano, mientras que los 64 restantes fueron acogidos por familiares o alojados en centros estatales.<br><\/p>\n\n\n\n<p>Medios de comunicaci\u00f3n b\u00falgaros informaron que algunos pacientes fueron encontrados con los pies atados, bajo los efectos de narc\u00f3ticos o encerrados en habitaciones sin higiene, ropa de cama ni contacto con el exterior adecuados.<br><\/p>\n\n\n\n<p>&#8220;Nos encierran como perros. Nos dan dos rebanadas de pan y con este calor no abren la puerta para que entre el aire, por miedo a que escapemos&#8221;, declar\u00f3 Milka Raeva, una paciente de 70 a\u00f1os, a BTV TV.<br><\/p>\n\n\n\n<p>&#8220;Fueron cuatro a\u00f1os muy dif\u00edciles. Dios me ayud\u00f3. Mucha gente muri\u00f3 de hambre, sin m\u00e9dicos, con heridas, atada&#8221;. Los medios de comunicaci\u00f3n b\u00falgaros informaron que el centro cobraba 580 d\u00f3lares al mes por habitaci\u00f3n. Otra residencia de ancianos ilegal en Govedartsi, con 23 pacientes, fue clausurada.<\/p>\n","protected":false},"excerpt":{"rendered":"<p>Once pacientes fueron trasladados a un hospital estatal cercano, mientras que los 64 restantes fueron acogidos por familiares o alojados en centros estatales. Seis personas fueron arrestadas en una localidad b\u00falgara bajo sospecha de golpear y drogar a pacientes en una residencia privada para personas mayores, con demencia u otros problemas de salud mental, informaron [&hellip;]<\/p>\n","protected":false},"author":1,"featured_media":60891,"comment_status":"closed","ping_status":"closed","sticky":false,"template":"","format":"standard","meta":{"footnotes":""},"categories":[83,80],"tags":[],"class_list":["post-60890","post","type-post","status-publish","format-standard","has-post-thumbnail","hentry","category-destacado","category-mundo"],"_links":{"self":[{"href":"https:\/\/themexicopost.com\/index.php?rest_route=\/wp\/v2\/posts\/60890","targetHints":{"allow":["GET"]}}],"collection":[{"href":"https:\/\/themexicopost.com\/index.php?rest_route=\/wp\/v2\/posts"}],"about":[{"href":"https:\/\/themexicopost.com\/index.php?rest_route=\/wp\/v2\/types\/post"}],"author":[{"embeddable":true,"href":"https:\/\/themexicopost.com\/index.php?rest_route=\/wp\/v2\/users\/1"}],"replies":[{"embeddable":true,"href":"https:\/\/themexicopost.com\/index.php?rest_route=%2Fwp%2Fv2%2Fcomments&post=60890"}],"version-history":[{"count":1,"href":"https:\/\/themexicopost.com\/index.php?rest_route=\/wp\/v2\/posts\/60890\/revisions"}],"predecessor-version":[{"id":60892,"href":"https:\/\/themexicopost.com\/index.php?rest_route=\/wp\/v2\/posts\/60890\/revisions\/60892"}],"wp:featuredmedia":[{"embeddable":true,"href":"https:\/\/themexicopost.com\/index.php?rest_route=\/wp\/v2\/media\/60891"}],"wp:attachment":[{"href":"https:\/\/themexicopost.com\/index.php?rest_route=%2Fwp%2Fv2%2Fmedia&parent=60890"}],"wp:term":[{"taxonomy":"category","embeddable":true,"href":"https:\/\/themexicopost.com\/index.php?rest_route=%2Fwp%2Fv2%2Fcategories&post=60890"},{"taxonomy":"post_tag","embeddable":true,"href":"https:\/\/themexicopost.com\/index.php?rest_route=%2Fwp%2Fv2%2Ftags&post=60890"}],"curies":[{"name":"wp","href":"https:\/\/api.w.org\/{rel}","templated":true}]}}