{"id":61722,"date":"2025-06-20T07:42:31","date_gmt":"2025-06-20T13:42:31","guid":{"rendered":"https:\/\/themexicopost.com\/?p=61722"},"modified":"2025-06-26T05:33:39","modified_gmt":"2025-06-26T11:33:39","slug":"continuan-los-abusos-de-derechos-humanos-en-corea-del-norte-investigador-de-la-onu","status":"publish","type":"post","link":"https:\/\/themexicopost.com\/?p=61722","title":{"rendered":"CONTIN\u00daAN LOS ABUSOS DE DERECHOS HUMANOS EN COREA DEL NORTE: INVESTIGADOR DE LA ONU"},"content":{"rendered":"\n<figure class=\"wp-block-pullquote\"><blockquote><p>Mediante un informe de la ONU se destacan los continuos abusos de derechos humanos, pero Corea del Norte los niega y acusa a la ONU de ataques pol\u00edticos.<\/p><\/blockquote><\/figure>\n\n\n\n<p class=\"has-drop-cap\">Una d\u00e9cada despu\u00e9s de que un informe hist\u00f3rico de la ONU concluyera que Corea del Norte cometi\u00f3 cr\u00edmenes de lesa humanidad, un funcionario de la ONU que investiga los derechos humanos en el aislado estado declar\u00f3 que persisten numerosos abusos, agravados por los controles de la era de la COVID-19 que a\u00fan no se han levantado.<br><\/p>\n\n\n\n<p>James Heenan, representante del Alto Comisionado de las Naciones Unidas para los Derechos Humanos en Se\u00fal, afirm\u00f3 estar sorprendido por la continua prevalencia de ejecuciones, trabajos forzados e informes de hambruna en el pa\u00eds autoritario.<br><\/p>\n\n\n\n<p>A finales de este a\u00f1o, el equipo de Heenan publicar\u00e1 un informe de seguimiento a las conclusiones de 2014 de la Comisi\u00f3n de Investigaci\u00f3n sobre los Derechos Humanos en la Rep\u00fablica Popular Democr\u00e1tica de Corea, que afirm\u00f3 que el gobierno hab\u00eda cometido violaciones sistem\u00e1ticas, generalizadas y graves de los derechos humanos que constituyeron cr\u00edmenes de lesa humanidad. RPDC es el nombre oficial de Corea del Norte.<br><\/p>\n\n\n\n<figure class=\"wp-block-image size-large\"><img fetchpriority=\"high\" decoding=\"async\" width=\"1024\" height=\"684\" src=\"https:\/\/themexicopost.com\/wp-content\/uploads\/2025\/06\/corea-5-1024x684.jpg\" alt=\"\" class=\"wp-image-61724\" srcset=\"https:\/\/themexicopost.com\/wp-content\/uploads\/2025\/06\/corea-5-1024x684.jpg 1024w, https:\/\/themexicopost.com\/wp-content\/uploads\/2025\/06\/corea-5-300x201.jpg 300w, https:\/\/themexicopost.com\/wp-content\/uploads\/2025\/06\/corea-5-768x513.jpg 768w, https:\/\/themexicopost.com\/wp-content\/uploads\/2025\/06\/corea-5.jpg 1200w\" sizes=\"(max-width: 1024px) 100vw, 1024px\" \/><\/figure>\n\n\n\n<p>Si bien las conclusiones del informe de este a\u00f1o a\u00fan se est\u00e1n ultimando, Heenan declar\u00f3 en una entrevista que los \u00faltimos 10 a\u00f1os han arrojado resultados dispares: el gobierno norcoreano ha interactuado m\u00e1s con algunas instituciones internacionales, pero ha redoblado el control interno.<br><\/p>\n\n\n\n<p>El gobierno ha negado en el pasado los abusos y ha acusado a la ONU y a otros pa\u00edses de intentar utilizar los derechos humanos como arma pol\u00edtica para atacar a Corea del Norte.<br><\/p>\n\n\n\n<p>Una investigaci\u00f3n descubri\u00f3 que el l\u00edder Kim Jong Un hab\u00eda dedicado gran parte de la pandemia de COVID a construir una enorme red de muros y vallas a lo largo de la previamente porosa frontera con China, y posteriormente construy\u00f3 vallas alrededor de la capital, Pyongyang.<br><\/p>\n\n\n\n<figure class=\"wp-block-image size-large\"><img decoding=\"async\" width=\"1024\" height=\"684\" src=\"https:\/\/themexicopost.com\/wp-content\/uploads\/2025\/06\/corea-2-1024x684.jpg\" alt=\"\" class=\"wp-image-61725\" srcset=\"https:\/\/themexicopost.com\/wp-content\/uploads\/2025\/06\/corea-2-1024x684.jpg 1024w, https:\/\/themexicopost.com\/wp-content\/uploads\/2025\/06\/corea-2-300x201.jpg 300w, https:\/\/themexicopost.com\/wp-content\/uploads\/2025\/06\/corea-2-768x513.jpg 768w, https:\/\/themexicopost.com\/wp-content\/uploads\/2025\/06\/corea-2.jpg 1200w\" sizes=\"(max-width: 1024px) 100vw, 1024px\" \/><\/figure>\n\n\n\n<p>Un informe publicado por el Centro de Estudios Estrat\u00e9gicos e Internacionales, con sede en Washington, donde afirma que la pandemia de COVID azot\u00f3 a Corea del Norte durante m\u00e1s de dos a\u00f1os antes de que el r\u00e9gimen admitiera en mayo de 2022 que el virus hab\u00eda traspasado sus fronteras, y que la respuesta del r\u00e9gimen fue deficiente, violando las libertades y dejando a la mayor\u00eda de los ciudadanos a su suerte.<br><\/p>\n\n\n\n<p>SI Analytics, una empresa de im\u00e1genes satelitales con sede en Se\u00fal, public\u00f3 un informe que se\u00f1ala que Corea del Norte est\u00e1 renovando un importante campo de prisioneros cerca de la frontera con China, posiblemente en respuesta a las cr\u00edticas internacionales, al tiempo que refuerza el control f\u00edsico sobre los prisioneros con el pretexto de mejorar las instalaciones.<br><\/p>\n\n\n\n<p>Heenan afirm\u00f3 que su equipo ha hablado con m\u00e1s de 300 norcoreanos que huyeron de su pa\u00eds en los \u00faltimos a\u00f1os, y muchos expresaron su desesperaci\u00f3n.<br><\/p>\n\n\n\n<figure class=\"wp-block-image size-large\"><img decoding=\"async\" width=\"1024\" height=\"684\" src=\"https:\/\/themexicopost.com\/wp-content\/uploads\/2025\/06\/corea-3-1024x684.jpg\" alt=\"\" class=\"wp-image-61726\" srcset=\"https:\/\/themexicopost.com\/wp-content\/uploads\/2025\/06\/corea-3-1024x684.jpg 1024w, https:\/\/themexicopost.com\/wp-content\/uploads\/2025\/06\/corea-3-300x201.jpg 300w, https:\/\/themexicopost.com\/wp-content\/uploads\/2025\/06\/corea-3-768x513.jpg 768w, https:\/\/themexicopost.com\/wp-content\/uploads\/2025\/06\/corea-3.jpg 1200w\" sizes=\"(max-width: 1024px) 100vw, 1024px\" \/><\/figure>\n\n\n\n<p>Varios de los entrevistados hablar\u00e1n p\u00fablicamente por primera vez la pr\u00f3xima semana como parte de un esfuerzo por humanizar las conclusiones de la ONU. &#8220;Es una oportunidad \u00fanica para escuchar p\u00fablicamente a la gente decir lo que quiere decir sobre lo que est\u00e1 sucediendo en la RPDC&#8221;, dijo Heenan.<br><\/p>\n\n\n\n<p>Expres\u00f3 su preocupaci\u00f3n por los recortes de fondos para la ayuda internacional y los programas de la ONU en todo el mundo, lo cual presiona el trabajo en defensa de los derechos humanos y amenaza el apoyo a los refugiados norcoreanos.<br><\/p>\n\n\n\n<p>Si bien los derechos humanos han sido tradicionalmente un tema pol\u00edticamente vol\u00e1til, no solo para Pyongyang, sino tambi\u00e9n para los gobiernos extranjeros que intentan dialogar con Corea del Norte, que posee armas nucleares, Heenan afirm\u00f3 que temas como los campos de prisioneros deben formar parte de cualquier compromiso para alcanzar un acuerdo pol\u00edtico.<\/p>\n\n\n\n<figure class=\"wp-block-image size-large\"><img loading=\"lazy\" decoding=\"async\" width=\"1024\" height=\"684\" src=\"https:\/\/themexicopost.com\/wp-content\/uploads\/2025\/06\/corea-4-1024x684.jpg\" alt=\"\" class=\"wp-image-61727\" srcset=\"https:\/\/themexicopost.com\/wp-content\/uploads\/2025\/06\/corea-4-1024x684.jpg 1024w, https:\/\/themexicopost.com\/wp-content\/uploads\/2025\/06\/corea-4-300x201.jpg 300w, https:\/\/themexicopost.com\/wp-content\/uploads\/2025\/06\/corea-4-768x513.jpg 768w, https:\/\/themexicopost.com\/wp-content\/uploads\/2025\/06\/corea-4.jpg 1200w\" sizes=\"(max-width: 1024px) 100vw, 1024px\" \/><\/figure>\n","protected":false},"excerpt":{"rendered":"<p>Mediante un informe de la ONU se destacan los continuos abusos de derechos humanos, pero Corea del Norte los niega y acusa a la ONU de ataques pol\u00edticos.<\/p>\n","protected":false},"author":1,"featured_media":61723,"comment_status":"closed","ping_status":"closed","sticky":false,"template":"","format":"standard","meta":{"footnotes":""},"categories":[83,80,85],"tags":[],"class_list":["post-61722","post","type-post","status-publish","format-standard","has-post-thumbnail","hentry","category-destacado","category-mundo","category-portada"],"_links":{"self":[{"href":"https:\/\/themexicopost.com\/index.php?rest_route=\/wp\/v2\/posts\/61722","targetHints":{"allow":["GET"]}}],"collection":[{"href":"https:\/\/themexicopost.com\/index.php?rest_route=\/wp\/v2\/posts"}],"about":[{"href":"https:\/\/themexicopost.com\/index.php?rest_route=\/wp\/v2\/types\/post"}],"author":[{"embeddable":true,"href":"https:\/\/themexicopost.com\/index.php?rest_route=\/wp\/v2\/users\/1"}],"replies":[{"embeddable":true,"href":"https:\/\/themexicopost.com\/index.php?rest_route=%2Fwp%2Fv2%2Fcomments&post=61722"}],"version-history":[{"count":1,"href":"https:\/\/themexicopost.com\/index.php?rest_route=\/wp\/v2\/posts\/61722\/revisions"}],"predecessor-version":[{"id":61728,"href":"https:\/\/themexicopost.com\/index.php?rest_route=\/wp\/v2\/posts\/61722\/revisions\/61728"}],"wp:featuredmedia":[{"embeddable":true,"href":"https:\/\/themexicopost.com\/index.php?rest_route=\/wp\/v2\/media\/61723"}],"wp:attachment":[{"href":"https:\/\/themexicopost.com\/index.php?rest_route=%2Fwp%2Fv2%2Fmedia&parent=61722"}],"wp:term":[{"taxonomy":"category","embeddable":true,"href":"https:\/\/themexicopost.com\/index.php?rest_route=%2Fwp%2Fv2%2Fcategories&post=61722"},{"taxonomy":"post_tag","embeddable":true,"href":"https:\/\/themexicopost.com\/index.php?rest_route=%2Fwp%2Fv2%2Ftags&post=61722"}],"curies":[{"name":"wp","href":"https:\/\/api.w.org\/{rel}","templated":true}]}}