{"id":63914,"date":"2025-07-22T08:28:57","date_gmt":"2025-07-22T14:28:57","guid":{"rendered":"https:\/\/themexicopost.com\/?p=63914"},"modified":"2025-07-22T08:29:00","modified_gmt":"2025-07-22T14:29:00","slug":"atacan-rebeldes-en-colombia-patrulla-militar-con-un-dron","status":"publish","type":"post","link":"https:\/\/themexicopost.com\/?p=63914","title":{"rendered":"Atacan rebeldes en Colombia patrulla militar con un dron"},"content":{"rendered":"\n<figure class=\"wp-block-pullquote\"><blockquote><p>El gobierno colombiano ha luchado por contener la violencia en zonas rurales que anteriormente estaban bajo el control de las Fuerzas Armadas Revolucionarias de Colombia (FARC).<\/p><\/blockquote><\/figure>\n\n\n\n<p class=\"has-drop-cap\">Rebeldes en el noreste de Colombia utilizaron un dron para atacar una patrulla militar en una zona rural, matando a tres soldados e hiriendo a ocho, seg\u00fan inform\u00f3 el ej\u00e9rcito.<br><\/p>\n\n\n\n<p>El ej\u00e9rcito atribuy\u00f3 el ataque al Ej\u00e9rcito de Liberaci\u00f3n Nacional (ELN), un grupo de aproximadamente seis mil combatientes que ha combatido al gobierno colombiano desde la d\u00e9cada de 1960.<br><\/p>\n\n\n\n<p>El ataque tuvo lugar en las afueras de la localidad de El Carmen, en la regi\u00f3n del Catatumbo, seg\u00fan inform\u00f3 el ej\u00e9rcito en un comunicado.<br><\/p>\n\n\n\n<p>Los grupos rebeldes en Colombia utilizan cada vez m\u00e1s drones para atacar a los militares y entre s\u00ed en su lucha por el control de las zonas rurales. Principalmente utilizan drones comerciales para fotograf\u00eda con explosivos, que los lanzan directamente contra sus objetivos.<br><\/p>\n\n\n\n<p>El Ministerio de Defensa de Colombia afirma que los grupos rebeldes lanzaron 115 ataques con drones el a\u00f1o pasado. El ataque del domingo es uno de los m\u00e1s mort\u00edferos registrados.<br><\/p>\n\n\n\n<p>El gobierno colombiano ha luchado por contener la violencia en zonas rurales que anteriormente estaban bajo el control de las Fuerzas Armadas Revolucionarias de Colombia (FARC), el grupo guerrillero que firm\u00f3 la paz con el gobierno en 2016.<br><\/p>\n\n\n\n<p>Varios grupos rebeldes m\u00e1s peque\u00f1os y bandas de narcotraficantes se disputan ahora el control de las zonas abandonadas por las FARC, donde actividades il\u00edcitas como el narcotr\u00e1fico y la miner\u00eda ilegal son comunes.<br><\/p>\n\n\n\n<p>En enero, el gobierno colombiano suspendi\u00f3 las conversaciones de paz con el Ej\u00e9rcito de Liberaci\u00f3n Nacional tras una serie de ataques en la regi\u00f3n del Catatumbo, en los que al menos 80 personas murieron y 50.000 se vieron obligadas a huir de sus hogares.<\/p>\n","protected":false},"excerpt":{"rendered":"<p>El gobierno colombiano ha luchado por contener la violencia en zonas rurales que anteriormente estaban bajo el control de las Fuerzas Armadas Revolucionarias de Colombia (FARC). Rebeldes en el noreste de Colombia utilizaron un dron para atacar una patrulla militar en una zona rural, matando a tres soldados e hiriendo a ocho, seg\u00fan inform\u00f3 el [&hellip;]<\/p>\n","protected":false},"author":1,"featured_media":63915,"comment_status":"closed","ping_status":"closed","sticky":false,"template":"","format":"standard","meta":{"footnotes":""},"categories":[80],"tags":[],"class_list":["post-63914","post","type-post","status-publish","format-standard","has-post-thumbnail","hentry","category-mundo"],"_links":{"self":[{"href":"https:\/\/themexicopost.com\/index.php?rest_route=\/wp\/v2\/posts\/63914","targetHints":{"allow":["GET"]}}],"collection":[{"href":"https:\/\/themexicopost.com\/index.php?rest_route=\/wp\/v2\/posts"}],"about":[{"href":"https:\/\/themexicopost.com\/index.php?rest_route=\/wp\/v2\/types\/post"}],"author":[{"embeddable":true,"href":"https:\/\/themexicopost.com\/index.php?rest_route=\/wp\/v2\/users\/1"}],"replies":[{"embeddable":true,"href":"https:\/\/themexicopost.com\/index.php?rest_route=%2Fwp%2Fv2%2Fcomments&post=63914"}],"version-history":[{"count":1,"href":"https:\/\/themexicopost.com\/index.php?rest_route=\/wp\/v2\/posts\/63914\/revisions"}],"predecessor-version":[{"id":63916,"href":"https:\/\/themexicopost.com\/index.php?rest_route=\/wp\/v2\/posts\/63914\/revisions\/63916"}],"wp:featuredmedia":[{"embeddable":true,"href":"https:\/\/themexicopost.com\/index.php?rest_route=\/wp\/v2\/media\/63915"}],"wp:attachment":[{"href":"https:\/\/themexicopost.com\/index.php?rest_route=%2Fwp%2Fv2%2Fmedia&parent=63914"}],"wp:term":[{"taxonomy":"category","embeddable":true,"href":"https:\/\/themexicopost.com\/index.php?rest_route=%2Fwp%2Fv2%2Fcategories&post=63914"},{"taxonomy":"post_tag","embeddable":true,"href":"https:\/\/themexicopost.com\/index.php?rest_route=%2Fwp%2Fv2%2Ftags&post=63914"}],"curies":[{"name":"wp","href":"https:\/\/api.w.org\/{rel}","templated":true}]}}