{"id":63917,"date":"2025-07-22T08:30:39","date_gmt":"2025-07-22T14:30:39","guid":{"rendered":"https:\/\/themexicopost.com\/?p=63917"},"modified":"2025-07-22T08:30:45","modified_gmt":"2025-07-22T14:30:45","slug":"arrestan-talibanes-a-mujeres-y-ninas-afganas-por-violar-el-codigo-de-vestimenta","status":"publish","type":"post","link":"https:\/\/themexicopost.com\/?p=63917","title":{"rendered":"Arrestan talibanes a mujeres y ni\u00f1as afganas por violar el c\u00f3digo de vestimenta"},"content":{"rendered":"\n<figure class=\"wp-block-pullquote\"><blockquote><p>Los talibanes, que regresaron al poder en 2021, han tomado medidas en\u00e9rgicas contra la forma en que las mujeres se visten y se comportan en p\u00fablico.<\/p><\/blockquote><\/figure>\n\n\n\n<p class=\"has-drop-cap\">Naciones Unidas expres\u00f3 su preocupaci\u00f3n por el arresto de mujeres y ni\u00f1as afganas por parte de los talibanes por su presunto incumplimiento del c\u00f3digo de vestimenta de las autoridades.<br><\/p>\n\n\n\n<p>En mayo de 2022, el gobierno talib\u00e1n emiti\u00f3 un decreto que exig\u00eda a las mujeres mostrar solo los ojos y recomendaba el uso de burka de pies a cabeza.<br><\/p>\n\n\n\n<p>Los talibanes, que regresaron al poder en 2021, han tomado medidas en\u00e9rgicas contra la forma en que las mujeres se visten y se comportan en p\u00fablico, en particular mediante leyes morales que les proh\u00edben mostrar el rostro fuera del hogar.<br><\/p>\n\n\n\n<p>La misi\u00f3n de la ONU en Afganist\u00e1n expres\u00f3 su preocupaci\u00f3n por el arresto de numerosas mujeres y ni\u00f1as en Kabul entre el 16 y el 19 de julio, quienes, seg\u00fan las autoridades, no hab\u00edan seguido las instrucciones sobre el uso del hiyab, o pa\u00f1uelo isl\u00e1mico.<br><\/p>\n\n\n\n<p>\u201cEstos incidentes sirven para aislar a\u00fan m\u00e1s a las mujeres y ni\u00f1as, contribuyen a un clima de miedo y erosionan la confianza p\u00fablica\u201d, a\u00f1adi\u00f3 la misi\u00f3n, sin ofrecer detalles sobre el n\u00famero de arrestos, las edades ni el lugar donde se encontraban.<br><\/p>\n\n\n\n<p>La misi\u00f3n de la ONU inst\u00f3 al gobierno talib\u00e1n a rescindir las pol\u00edticas y pr\u00e1cticas que restringen los derechos humanos y las libertades fundamentales de las mujeres y las ni\u00f1as, en particular la prohibici\u00f3n de la educaci\u00f3n m\u00e1s all\u00e1 del sexto grado.<br><\/p>\n\n\n\n<p>En enero de 2024, el Ministerio de Vicios y Virtudes del pa\u00eds afirm\u00f3 haber arrestado a mujeres en la capital afgana por llevar un \u201chiyab inadecuado\u201d. Un portavoz del ministerio, Abdul Ghafar Farooq, no especific\u00f3 cu\u00e1ntas mujeres fueron arrestadas ni qu\u00e9 constitu\u00eda un hiyab inadecuado.<br><\/p>\n\n\n\n<p>La misi\u00f3n de la ONU afirm\u00f3 entonces que estaba investigando las denuncias de malos tratos a las mujeres y extorsi\u00f3n a cambio de su liberaci\u00f3n.<br><\/p>\n\n\n\n<p>Los talibanes tomaron el control de Afganist\u00e1n en agosto de 2021 tras la retirada de las fuerzas estadounidenses y de la OTAN. Desde entonces, la administraci\u00f3n talib\u00e1n ha buscado el reconocimiento internacional al tiempo que aplica su interpretaci\u00f3n de la ley isl\u00e1mica. En julio, Rusia se convirti\u00f3 en el \u00fanico pa\u00eds en otorgar el reconocimiento formal.<\/p>\n","protected":false},"excerpt":{"rendered":"<p>Los talibanes, que regresaron al poder en 2021, han tomado medidas en\u00e9rgicas contra la forma en que las mujeres se visten y se comportan en p\u00fablico. Naciones Unidas expres\u00f3 su preocupaci\u00f3n por el arresto de mujeres y ni\u00f1as afganas por parte de los talibanes por su presunto incumplimiento del c\u00f3digo de vestimenta de las autoridades. [&hellip;]<\/p>\n","protected":false},"author":1,"featured_media":63918,"comment_status":"closed","ping_status":"closed","sticky":false,"template":"","format":"standard","meta":{"footnotes":""},"categories":[83,80],"tags":[],"class_list":["post-63917","post","type-post","status-publish","format-standard","has-post-thumbnail","hentry","category-destacado","category-mundo"],"_links":{"self":[{"href":"https:\/\/themexicopost.com\/index.php?rest_route=\/wp\/v2\/posts\/63917","targetHints":{"allow":["GET"]}}],"collection":[{"href":"https:\/\/themexicopost.com\/index.php?rest_route=\/wp\/v2\/posts"}],"about":[{"href":"https:\/\/themexicopost.com\/index.php?rest_route=\/wp\/v2\/types\/post"}],"author":[{"embeddable":true,"href":"https:\/\/themexicopost.com\/index.php?rest_route=\/wp\/v2\/users\/1"}],"replies":[{"embeddable":true,"href":"https:\/\/themexicopost.com\/index.php?rest_route=%2Fwp%2Fv2%2Fcomments&post=63917"}],"version-history":[{"count":1,"href":"https:\/\/themexicopost.com\/index.php?rest_route=\/wp\/v2\/posts\/63917\/revisions"}],"predecessor-version":[{"id":63919,"href":"https:\/\/themexicopost.com\/index.php?rest_route=\/wp\/v2\/posts\/63917\/revisions\/63919"}],"wp:featuredmedia":[{"embeddable":true,"href":"https:\/\/themexicopost.com\/index.php?rest_route=\/wp\/v2\/media\/63918"}],"wp:attachment":[{"href":"https:\/\/themexicopost.com\/index.php?rest_route=%2Fwp%2Fv2%2Fmedia&parent=63917"}],"wp:term":[{"taxonomy":"category","embeddable":true,"href":"https:\/\/themexicopost.com\/index.php?rest_route=%2Fwp%2Fv2%2Fcategories&post=63917"},{"taxonomy":"post_tag","embeddable":true,"href":"https:\/\/themexicopost.com\/index.php?rest_route=%2Fwp%2Fv2%2Ftags&post=63917"}],"curies":[{"name":"wp","href":"https:\/\/api.w.org\/{rel}","templated":true}]}}