{"id":64297,"date":"2025-07-28T12:15:12","date_gmt":"2025-07-28T18:15:12","guid":{"rendered":"https:\/\/themexicopost.com\/?p=64297"},"modified":"2025-07-28T12:15:14","modified_gmt":"2025-07-28T18:15:14","slug":"se-descarrila-tren-en-alemania-se-reportan-varios-heridos-y-tres-muertos","status":"publish","type":"post","link":"https:\/\/themexicopost.com\/?p=64297","title":{"rendered":"Se descarrila tren en Alemania; se reportan varios heridos y tres muertos"},"content":{"rendered":"\n<figure class=\"wp-block-pullquote\"><blockquote><p>Las autoridades han solicitado paciencia a la poblaci\u00f3n mientras se desarrolla la investigaci\u00f3n y se atiende a los afectados.<\/p><\/blockquote><\/figure>\n\n\n\n<p class=\"has-drop-cap\">Un tr\u00e1gico accidente ferroviario sacudi\u00f3 el sur de Alemania, cuando un tren regional con m\u00e1s de 100 pasajeros a bordo se descarril\u00f3 cerca de la localidad de Riedlingen, en el estado de Baden-W\u00fcrttemberg. Hasta el momento, las autoridades han confirmado al menos tres personas fallecidas y varias m\u00e1s con heridas de gravedad.<br><\/p>\n\n\n\n<p>El incidente ocurri\u00f3 en una zona boscosa de dif\u00edcil acceso, lo que complic\u00f3 las labores de rescate durante los primeros momentos tras el siniestro. Las im\u00e1genes captadas en el lugar muestran vagones volcados sobre un terreno irregular, rodeados de personal de emergencia que trabaja intensamente en la b\u00fasqueda y atenci\u00f3n de los afectados.<br><\/p>\n\n\n\n<p>De acuerdo a los primeros reportes, al menos dos vagones se salieron de las v\u00edas. Si bien a\u00fan no se ha confirmado el n\u00famero exacto de personas lesionadas, se sabe que alrededor de 100 pasajeros viajaban en el tren al momento del accidente.<br><\/p>\n\n\n\n<p>A\u00fan no est\u00e1n claras las causas del descarrilamiento, pero las autoridades se\u00f1alaron que la zona fue afectada por tormentas intensas poco antes del accidente y se investiga si las lluvias y las condiciones meteorol\u00f3gicas adversas jugaron un papel determinante en el siniestro.<br><\/p>\n\n\n\n<p>El canciller alem\u00e1n Friedrich Merz expres\u00f3 sus condolencias a trav\u00e9s de la red social X (antes Twitter), donde escribi\u00f3: \u201cLamento profundamente la p\u00e9rdida de vidas en este tr\u00e1gico accidente ferroviario. Mis pensamientos est\u00e1n con las familias de las v\u00edctimas\u201d.<br><\/p>\n\n\n\n<p>Por su parte, Deutsche Bahn, la empresa operadora del tren y principal proveedor de transporte ferroviario en Alemania, emiti\u00f3 un comunicado en el que ofreci\u00f3 su solidaridad con las v\u00edctimas y asegur\u00f3 que est\u00e1 colaborando plenamente con las autoridades para esclarecer los hechos.<br><\/p>\n\n\n\n<p>La zona del accidente permanece acordonada y con acceso restringido para facilitar el trabajo de los equipos de emergencia. Los servicios de rescate contin\u00faan operando en el sitio, y se espera que en las pr\u00f3ximas horas se actualice la cifra oficial de v\u00edctimas, as\u00ed como los detalles preliminares sobre la causa del descarrilamiento.<br><\/p>\n\n\n\n<p>Las autoridades han solicitado paciencia a la poblaci\u00f3n mientras se desarrolla la investigaci\u00f3n y se atiende a los afectados.<\/p>\n","protected":false},"excerpt":{"rendered":"<p>Las autoridades han solicitado paciencia a la poblaci\u00f3n mientras se desarrolla la investigaci\u00f3n y se atiende a los afectados. Un tr\u00e1gico accidente ferroviario sacudi\u00f3 el sur de Alemania, cuando un tren regional con m\u00e1s de 100 pasajeros a bordo se descarril\u00f3 cerca de la localidad de Riedlingen, en el estado de Baden-W\u00fcrttemberg. Hasta el momento, [&hellip;]<\/p>\n","protected":false},"author":1,"featured_media":64307,"comment_status":"closed","ping_status":"closed","sticky":false,"template":"","format":"standard","meta":{"footnotes":""},"categories":[80],"tags":[],"class_list":["post-64297","post","type-post","status-publish","format-standard","has-post-thumbnail","hentry","category-mundo"],"_links":{"self":[{"href":"https:\/\/themexicopost.com\/index.php?rest_route=\/wp\/v2\/posts\/64297","targetHints":{"allow":["GET"]}}],"collection":[{"href":"https:\/\/themexicopost.com\/index.php?rest_route=\/wp\/v2\/posts"}],"about":[{"href":"https:\/\/themexicopost.com\/index.php?rest_route=\/wp\/v2\/types\/post"}],"author":[{"embeddable":true,"href":"https:\/\/themexicopost.com\/index.php?rest_route=\/wp\/v2\/users\/1"}],"replies":[{"embeddable":true,"href":"https:\/\/themexicopost.com\/index.php?rest_route=%2Fwp%2Fv2%2Fcomments&post=64297"}],"version-history":[{"count":1,"href":"https:\/\/themexicopost.com\/index.php?rest_route=\/wp\/v2\/posts\/64297\/revisions"}],"predecessor-version":[{"id":64308,"href":"https:\/\/themexicopost.com\/index.php?rest_route=\/wp\/v2\/posts\/64297\/revisions\/64308"}],"wp:featuredmedia":[{"embeddable":true,"href":"https:\/\/themexicopost.com\/index.php?rest_route=\/wp\/v2\/media\/64307"}],"wp:attachment":[{"href":"https:\/\/themexicopost.com\/index.php?rest_route=%2Fwp%2Fv2%2Fmedia&parent=64297"}],"wp:term":[{"taxonomy":"category","embeddable":true,"href":"https:\/\/themexicopost.com\/index.php?rest_route=%2Fwp%2Fv2%2Fcategories&post=64297"},{"taxonomy":"post_tag","embeddable":true,"href":"https:\/\/themexicopost.com\/index.php?rest_route=%2Fwp%2Fv2%2Ftags&post=64297"}],"curies":[{"name":"wp","href":"https:\/\/api.w.org\/{rel}","templated":true}]}}