{"id":64306,"date":"2025-07-28T12:15:38","date_gmt":"2025-07-28T18:15:38","guid":{"rendered":"https:\/\/themexicopost.com\/?p=64306"},"modified":"2025-07-28T12:15:40","modified_gmt":"2025-07-28T18:15:40","slug":"ciudad-de-turquia-amenazada-por-incendios-forestales","status":"publish","type":"post","link":"https:\/\/themexicopost.com\/?p=64306","title":{"rendered":"Ciudad de Turqu\u00eda amenazada por incendios forestales"},"content":{"rendered":"\n<figure class=\"wp-block-pullquote\"><blockquote><p>Autoridades han ordenado que se evacuen a los habitantes de Bursa.<\/p><\/blockquote><\/figure>\n\n\n\n<p class=\"has-drop-cap\">Los incendios forestales que han asolado Turqu\u00eda durante semanas amenazaron la cuarta ciudad m\u00e1s grande del pa\u00eds, obligando a cientos de personas a huir de sus hogares.<br><\/p>\n\n\n\n<p>Los incendios ocurridos durante en las monta\u00f1as boscosas que rodean Bursa, en el noroeste de Turqu\u00eda, se propagaron r\u00e1pidamente, iluminando con un resplandor rojizo el cielo nocturno sobre los suburbios orientales de la ciudad.<br><\/p>\n\n\n\n<p>La oficina del gobernador de Bursa inform\u00f3 en un comunicado que 1.765 personas fueron evacuadas de forma segura de las aldeas del noreste, mientras m\u00e1s de 1.100 bomberos luchaban contra las llamas. La carretera que une Bursa con la capital, Ankara, fue cerrada debido al incendio de los bosques circundantes.<br><\/p>\n\n\n\n<p>Orhan Saribal, parlamentario de la oposici\u00f3n por la provincia, describi\u00f3 la escena como un apocalipsis.<br><\/p>\n\n\n\n<p>La disminuci\u00f3n del viento trajo un respiro a los bomberos, que continuaron los esfuerzos para sofocar las llamas. Sin embargo, im\u00e1genes de televisi\u00f3n revelaron un paisaje ceniciento donde antes hab\u00eda granjas y pinares.<br><\/p>\n\n\n\n<p>Turqu\u00eda se ha visto afectada por decenas de incendios forestales a diario desde finales de junio. El ministro de Silvicultura, Ibrahim Yamukli, declar\u00f3 que los bomberos de todo el pa\u00eds se enfrentaron a 76 incendios distintos el s\u00e1bado.<br><\/p>\n\n\n\n<p>Los incendios se est\u00e1n viendo alimentados por temperaturas inusualmente altas, condiciones secas y fuertes vientos.<br><\/p>\n\n\n\n<p>La Direcci\u00f3n General de Meteorolog\u00eda indic\u00f3 que Turqu\u00eda registr\u00f3 el viernes su temperatura m\u00e1s alta registrada hasta la fecha, 50,5 \u00b0C, en la provincia suroriental de Sirnak. A\u00f1adi\u00f3 que las temperaturas m\u00e1s altas de julio se registraron en otras 132 localidades.<br><\/p>\n\n\n\n<p>Yamukli indic\u00f3 que el noroeste del pa\u00eds se encuentra bajo mayor amenaza, incluyendo Karabuk, donde los incendios forestales han ardido desde el martes.<br><\/p>\n\n\n\n<p>Trece personas han muerto en las \u00faltimas semanas, incluyendo 10 voluntarios de rescate y trabajadores forestales que murieron el mi\u00e9rcoles en un incendio en Eskisehir, en el oeste de Turqu\u00eda.<br><\/p>\n\n\n\n<p>El ministro de Justicia, Yilmaz Tunc, declar\u00f3 que la fiscal\u00eda hab\u00eda investigado incendios en 33 provincias desde el 26 de junio, y a\u00f1adi\u00f3 que se hab\u00edan emprendido acciones legales contra 97 sospechosos.<br><\/p>\n\n\n\n<p>La gravedad de los incendios llev\u00f3 al gobierno a declarar el viernes dos provincias occidentales, Esmirna y Bilecik, zonas de desastre.<\/p>\n","protected":false},"excerpt":{"rendered":"<p>Autoridades han ordenado que se evacuen a los habitantes de Bursa. Los incendios forestales que han asolado Turqu\u00eda durante semanas amenazaron la cuarta ciudad m\u00e1s grande del pa\u00eds, obligando a cientos de personas a huir de sus hogares. Los incendios ocurridos durante en las monta\u00f1as boscosas que rodean Bursa, en el noroeste de Turqu\u00eda, se [&hellip;]<\/p>\n","protected":false},"author":1,"featured_media":64310,"comment_status":"closed","ping_status":"closed","sticky":false,"template":"","format":"standard","meta":{"footnotes":""},"categories":[83,80],"tags":[],"class_list":["post-64306","post","type-post","status-publish","format-standard","has-post-thumbnail","hentry","category-destacado","category-mundo"],"_links":{"self":[{"href":"https:\/\/themexicopost.com\/index.php?rest_route=\/wp\/v2\/posts\/64306","targetHints":{"allow":["GET"]}}],"collection":[{"href":"https:\/\/themexicopost.com\/index.php?rest_route=\/wp\/v2\/posts"}],"about":[{"href":"https:\/\/themexicopost.com\/index.php?rest_route=\/wp\/v2\/types\/post"}],"author":[{"embeddable":true,"href":"https:\/\/themexicopost.com\/index.php?rest_route=\/wp\/v2\/users\/1"}],"replies":[{"embeddable":true,"href":"https:\/\/themexicopost.com\/index.php?rest_route=%2Fwp%2Fv2%2Fcomments&post=64306"}],"version-history":[{"count":1,"href":"https:\/\/themexicopost.com\/index.php?rest_route=\/wp\/v2\/posts\/64306\/revisions"}],"predecessor-version":[{"id":64311,"href":"https:\/\/themexicopost.com\/index.php?rest_route=\/wp\/v2\/posts\/64306\/revisions\/64311"}],"wp:featuredmedia":[{"embeddable":true,"href":"https:\/\/themexicopost.com\/index.php?rest_route=\/wp\/v2\/media\/64310"}],"wp:attachment":[{"href":"https:\/\/themexicopost.com\/index.php?rest_route=%2Fwp%2Fv2%2Fmedia&parent=64306"}],"wp:term":[{"taxonomy":"category","embeddable":true,"href":"https:\/\/themexicopost.com\/index.php?rest_route=%2Fwp%2Fv2%2Fcategories&post=64306"},{"taxonomy":"post_tag","embeddable":true,"href":"https:\/\/themexicopost.com\/index.php?rest_route=%2Fwp%2Fv2%2Ftags&post=64306"}],"curies":[{"name":"wp","href":"https:\/\/api.w.org\/{rel}","templated":true}]}}