{"id":64326,"date":"2025-07-28T12:19:54","date_gmt":"2025-07-28T18:19:54","guid":{"rendered":"https:\/\/themexicopost.com\/?p=64326"},"modified":"2025-07-28T12:19:56","modified_gmt":"2025-07-28T18:19:56","slug":"norcorea-obtendra-la-victoria-en-batalla-antiimperialista-y-antiestadounidense-kim-jong-un","status":"publish","type":"post","link":"https:\/\/themexicopost.com\/?p=64326","title":{"rendered":"Norcorea obtendr\u00e1 la victoria en batalla antiimperialista y antiestadounidense: Kim Jong-un"},"content":{"rendered":"\n<figure class=\"wp-block-pullquote\"><blockquote><p>Corea del Norte ha llamado al 27 de julio el &#8220;D\u00eda de la Victoria&#8221;, a pesar de que el armisticio traz\u00f3 una frontera que divide la pen\u00ednsula de Corea pr\u00e1cticamente por igual.<\/p><\/blockquote><\/figure>\n\n\n\n<p class=\"has-drop-cap\">El l\u00edder norcoreano, Kim Jong-un, afirm\u00f3 que el pa\u00eds alcanzar\u00eda la victoria en batallas antiimperialistas y antiestadounidenses, esto durante la conmemoraci\u00f3n del aniversario del armisticio de la Guerra de Corea, seg\u00fan informaron medios estatales.<br><\/p>\n\n\n\n<p>Kim Jong-un afirm\u00f3 que nuestro estado y su pueblo sin duda lograr\u00e1n la gran causa de construir un pa\u00eds rico con un ej\u00e9rcito fuerte y se convertir\u00e1n en victoriosos vencedores en la lucha antiimperialista y antiestadounidense, inform\u00f3 la agencia estatal de noticias KCNA, refiri\u00e9ndose a su visita a un museo de guerra.<br><\/p>\n\n\n\n<p>Corea del Norte firm\u00f3 un acuerdo de armisticio con Estados Unidos y China el 27 de julio de 1953, poniendo fin a los combates en la guerra de tres a\u00f1os. Generales estadounidenses firmaron el acuerdo en representaci\u00f3n de las fuerzas de las Naciones Unidas que apoyaron a Corea del Sur.<br><\/p>\n\n\n\n<p>Corea del Norte ha llamado al 27 de julio el &#8220;D\u00eda de la Victoria&#8221;, a pesar de que el armisticio traz\u00f3 una frontera que divide la pen\u00ednsula de Corea pr\u00e1cticamente por igual y restableci\u00f3 el equilibrio tras los importantes avances logrados por ambas partes durante la guerra.<br><\/p>\n\n\n\n<p>Corea del Norte lucha ahora junto a Rusia en la guerra de Ucrania. Miles de tropas norcoreanas fueron desplegadas en la regi\u00f3n rusa de Kursk, mientras que Pyongyang tambi\u00e9n ha suministrado municiones a Rusia. Corea del Sur ha declarado que podr\u00eda desplegar m\u00e1s tropas en julio o agosto.<br><\/p>\n\n\n\n<p>Kim Jong-un tambi\u00e9n visit\u00f3 monumentos en honor a los veteranos de la guerra de 1950-53, incluyendo la Torre de la Amistad, que recuerda a los soldados del Ej\u00e9rcito Popular de Liberaci\u00f3n de China que lucharon con los norcoreanos, y se reuni\u00f3 con soldados de un regimiento de artiller\u00eda para celebrar el d\u00eda, seg\u00fan inform\u00f3 la agencia estatal KCNA.<\/p>\n","protected":false},"excerpt":{"rendered":"<p>Corea del Norte ha llamado al 27 de julio el &#8220;D\u00eda de la Victoria&#8221;, a pesar de que el armisticio traz\u00f3 una frontera que divide la pen\u00ednsula de Corea pr\u00e1cticamente por igual. El l\u00edder norcoreano, Kim Jong-un, afirm\u00f3 que el pa\u00eds alcanzar\u00eda la victoria en batallas antiimperialistas y antiestadounidenses, esto durante la conmemoraci\u00f3n del aniversario [&hellip;]<\/p>\n","protected":false},"author":1,"featured_media":64331,"comment_status":"closed","ping_status":"closed","sticky":false,"template":"","format":"standard","meta":{"footnotes":""},"categories":[83,80,85],"tags":[],"class_list":["post-64326","post","type-post","status-publish","format-standard","has-post-thumbnail","hentry","category-destacado","category-mundo","category-portada"],"_links":{"self":[{"href":"https:\/\/themexicopost.com\/index.php?rest_route=\/wp\/v2\/posts\/64326","targetHints":{"allow":["GET"]}}],"collection":[{"href":"https:\/\/themexicopost.com\/index.php?rest_route=\/wp\/v2\/posts"}],"about":[{"href":"https:\/\/themexicopost.com\/index.php?rest_route=\/wp\/v2\/types\/post"}],"author":[{"embeddable":true,"href":"https:\/\/themexicopost.com\/index.php?rest_route=\/wp\/v2\/users\/1"}],"replies":[{"embeddable":true,"href":"https:\/\/themexicopost.com\/index.php?rest_route=%2Fwp%2Fv2%2Fcomments&post=64326"}],"version-history":[{"count":1,"href":"https:\/\/themexicopost.com\/index.php?rest_route=\/wp\/v2\/posts\/64326\/revisions"}],"predecessor-version":[{"id":64332,"href":"https:\/\/themexicopost.com\/index.php?rest_route=\/wp\/v2\/posts\/64326\/revisions\/64332"}],"wp:featuredmedia":[{"embeddable":true,"href":"https:\/\/themexicopost.com\/index.php?rest_route=\/wp\/v2\/media\/64331"}],"wp:attachment":[{"href":"https:\/\/themexicopost.com\/index.php?rest_route=%2Fwp%2Fv2%2Fmedia&parent=64326"}],"wp:term":[{"taxonomy":"category","embeddable":true,"href":"https:\/\/themexicopost.com\/index.php?rest_route=%2Fwp%2Fv2%2Fcategories&post=64326"},{"taxonomy":"post_tag","embeddable":true,"href":"https:\/\/themexicopost.com\/index.php?rest_route=%2Fwp%2Fv2%2Ftags&post=64326"}],"curies":[{"name":"wp","href":"https:\/\/api.w.org\/{rel}","templated":true}]}}