{"id":64327,"date":"2025-07-28T12:19:13","date_gmt":"2025-07-28T18:19:13","guid":{"rendered":"https:\/\/themexicopost.com\/?p=64327"},"modified":"2025-07-28T12:19:15","modified_gmt":"2025-07-28T18:19:15","slug":"se-vuelca-autobus-en-carretera-de-la-cordillera-de-los-andes-peru","status":"publish","type":"post","link":"https:\/\/themexicopost.com\/?p=64327","title":{"rendered":"Se vuelca autob\u00fas en carretera de la Cordillera de los Andes, Per\u00fa"},"content":{"rendered":"\n<figure class=\"wp-block-pullquote\"><blockquote><p>Fallecen en el fatal accidente al menos 18 personas<\/p><\/blockquote><\/figure>\n\n\n\n<p class=\"has-drop-cap\">Un autob\u00fas que viajaba de Lima a la Amazon\u00eda peruana se volc\u00f3 en una carretera en la Cordillera de los Andes, dejando al menos 18 muertos y 48 heridos, informaron las autoridades. El autob\u00fas de dos pisos, perteneciente a la empresa &#8220;Expreso Molina L\u00edder Internacional&#8221;, se sali\u00f3 de la v\u00eda y cay\u00f3 por una pendiente en el distrito de Palca, regi\u00f3n Jun\u00edn, inform\u00f3 a la prensa el director de salud de Jun\u00edn, Clifor Curipaco. Las autoridades a\u00fan investigan la causa del accidente.<br><\/p>\n\n\n\n<p>Videos transmitidos por la televisi\u00f3n local mostraron el autob\u00fas partido en dos, mientras bomberos y polic\u00edas intentaban rescatar a los heridos.<br><\/p>\n\n\n\n<p>Este no fue el primer accidente mortal de autob\u00fas en 2025; otro autob\u00fas cay\u00f3 a un r\u00edo el 3 de enero, dejando seis muertos y 32 heridos.<br><\/p>\n\n\n\n<p>Un estudio del Ministerio P\u00fablico determin\u00f3 que la imprudencia fluvial y el exceso de velocidad son las principales causas de accidentes en Per\u00fa.<br><\/p>\n\n\n\n<p>El transporte por carretera est\u00e1 mal supervisado por las autoridades peruanas, y la asistencia de emergencia es muy lenta y desorganizada. En 2024, se registraron aproximadamente 3173 muertes por accidentes de tr\u00e1nsito en el pa\u00eds sudamericano, seg\u00fan datos oficiales del Sistema de Informaci\u00f3n de Defunciones.<\/p>\n","protected":false},"excerpt":{"rendered":"<p>Fallecen en el fatal accidente al menos 18 personas Un autob\u00fas que viajaba de Lima a la Amazon\u00eda peruana se volc\u00f3 en una carretera en la Cordillera de los Andes, dejando al menos 18 muertos y 48 heridos, informaron las autoridades. El autob\u00fas de dos pisos, perteneciente a la empresa &#8220;Expreso Molina L\u00edder Internacional&#8221;, se [&hellip;]<\/p>\n","protected":false},"author":1,"featured_media":64328,"comment_status":"closed","ping_status":"closed","sticky":false,"template":"","format":"standard","meta":{"footnotes":""},"categories":[83,80,85],"tags":[],"class_list":["post-64327","post","type-post","status-publish","format-standard","has-post-thumbnail","hentry","category-destacado","category-mundo","category-portada"],"_links":{"self":[{"href":"https:\/\/themexicopost.com\/index.php?rest_route=\/wp\/v2\/posts\/64327","targetHints":{"allow":["GET"]}}],"collection":[{"href":"https:\/\/themexicopost.com\/index.php?rest_route=\/wp\/v2\/posts"}],"about":[{"href":"https:\/\/themexicopost.com\/index.php?rest_route=\/wp\/v2\/types\/post"}],"author":[{"embeddable":true,"href":"https:\/\/themexicopost.com\/index.php?rest_route=\/wp\/v2\/users\/1"}],"replies":[{"embeddable":true,"href":"https:\/\/themexicopost.com\/index.php?rest_route=%2Fwp%2Fv2%2Fcomments&post=64327"}],"version-history":[{"count":1,"href":"https:\/\/themexicopost.com\/index.php?rest_route=\/wp\/v2\/posts\/64327\/revisions"}],"predecessor-version":[{"id":64329,"href":"https:\/\/themexicopost.com\/index.php?rest_route=\/wp\/v2\/posts\/64327\/revisions\/64329"}],"wp:featuredmedia":[{"embeddable":true,"href":"https:\/\/themexicopost.com\/index.php?rest_route=\/wp\/v2\/media\/64328"}],"wp:attachment":[{"href":"https:\/\/themexicopost.com\/index.php?rest_route=%2Fwp%2Fv2%2Fmedia&parent=64327"}],"wp:term":[{"taxonomy":"category","embeddable":true,"href":"https:\/\/themexicopost.com\/index.php?rest_route=%2Fwp%2Fv2%2Fcategories&post=64327"},{"taxonomy":"post_tag","embeddable":true,"href":"https:\/\/themexicopost.com\/index.php?rest_route=%2Fwp%2Fv2%2Ftags&post=64327"}],"curies":[{"name":"wp","href":"https:\/\/api.w.org\/{rel}","templated":true}]}}