{"id":64484,"date":"2025-07-30T08:14:04","date_gmt":"2025-07-30T14:14:04","guid":{"rendered":"https:\/\/themexicopost.com\/?p=64484"},"modified":"2025-07-30T08:14:12","modified_gmt":"2025-07-30T14:14:12","slug":"envian-talibanes-a-trabajadores-afganos-a-catar-para-aliviar-el-desempleo-en-afganistan","status":"publish","type":"post","link":"https:\/\/themexicopost.com\/?p=64484","title":{"rendered":"Env\u00edan talibanes a trabajadores afganos a Catar para aliviar el desempleo en Afganist\u00e1n"},"content":{"rendered":"\n<figure class=\"wp-block-pullquote\"><blockquote><p>Las agencias de ayuda humanitaria han advertido sobre la presi\u00f3n sobre los servicios locales.<\/p><\/blockquote><\/figure>\n\n\n\n<p class=\"has-drop-cap\">Los talibanes est\u00e1n exportando trabajadores afganos para cubrir puestos de trabajo en Catar, pa\u00eds del Golfo, con el fin de aliviar el desempleo en Afganist\u00e1n, y afirman que est\u00e1n en conversaciones para enviar mano de obra a Arabia Saudita, Emiratos \u00c1rabes Unidos, Om\u00e1n, Turqu\u00eda y Rusia.<br><\/p>\n\n\n\n<p>Se abri\u00f3 el plazo de inscripci\u00f3n para que 2.000 profesionales cualificados en \u00e1reas como hosteler\u00eda, alimentaci\u00f3n y bebidas e ingenier\u00eda viajen a Catar bajo el nuevo programa. Los solicitantes de las 34 provincias afganas pueden presentar su experiencia laboral y credenciales antes de ser evaluados para determinar su elegibilidad.<br><\/p>\n\n\n\n<p>El inicio del registro se produce tras el retorno forzoso de al menos 1,5 millones de afganos de pa\u00edses vecinos, en particular Ir\u00e1n y Pakist\u00e1n, en un momento de importantes dificultades econ\u00f3micas y humanitarias.<br><\/p>\n\n\n\n<p>Las agencias de ayuda humanitaria han advertido sobre la presi\u00f3n sobre los servicios locales, as\u00ed como sobre la dr\u00e1stica reducci\u00f3n del flujo de dinero que llega al pa\u00eds en forma de remesas de personas que trabajan en el extranjero.<br><\/p>\n\n\n\n<p>El ministro de Trabajo en funciones, Abdul Manan Omari, describi\u00f3 el programa de exportaci\u00f3n de mano de obra como un &#8220;paso significativo y fundamental&#8221;. A\u00f1adi\u00f3 que tambi\u00e9n se estaban llevando a cabo conversaciones con Arabia Saudita, Emiratos \u00c1rabes Unidos, Om\u00e1n, Turqu\u00eda y Rusia.<br><\/p>\n\n\n\n<p>&#8220;Nos comprometemos a enviar trabajadores cualificados, semicualificados y profesionales a estos pa\u00edses en el futuro&#8221;, declar\u00f3 Omari en la plataforma social X.<br><\/p>\n\n\n\n<p>&#8220;Estamos comprometidos con la protecci\u00f3n de los derechos y la seguridad de los trabajadores afganos en el extranjero. Nuestro objetivo es prevenir la migraci\u00f3n ilegal y defender la dignidad y el honor de los trabajadores afganos&#8221;, a\u00f1adi\u00f3 Omari.<br><\/p>\n\n\n\n<p>Si bien solo Rusia ha reconocido a los talibanes como gobierno de Afganist\u00e1n, los dem\u00e1s pa\u00edses mantienen relaciones diplom\u00e1ticas con Kabul.<br><\/p>\n\n\n\n<p>Catar, que alberga una importante base militar estadounidense en la regi\u00f3n, fue un punto crucial para quienes huyeron de los talibanes durante los ca\u00f3ticos d\u00edas de la retirada de las fuerzas extranjeras de Afganist\u00e1n en 2021. Tambi\u00e9n alberga una sede diplom\u00e1tica de los talibanes y alberg\u00f3 las conversaciones de paz entre ellos y la administraci\u00f3n estadounidense del entonces presidente Donald Trump en 2019-20.<br><\/p>\n\n\n\n<p>Abdul Ghani Baradar, viceprimer ministro de Asuntos Econ\u00f3micos del Talib\u00e1n, afirm\u00f3 que la iniciativa laboral de Qatar contribuir\u00eda a aliviar el desempleo y a impulsar la econom\u00eda, presumiblemente mediante remesas.<br><\/p>\n\n\n\n<p>Muchos afganos dependen de la ayuda humanitaria para sobrevivir. Sin embargo, los profundos recortes de financiaci\u00f3n est\u00e1n agravando la situaci\u00f3n, ya que las agencias de ayuda y las organizaciones no gubernamentales est\u00e1n reduciendo los programas de educaci\u00f3n y salud.<br><\/p>\n\n\n\n<p>\u201cEl proceso legal para enviar trabajadores afganos cualificados y profesionales al extranjero tendr\u00e1 un impacto positivo en la econom\u00eda nacional y ayudar\u00e1 a reducir el desempleo\u201d, declar\u00f3 Baradar durante el lanzamiento del programa.<br><\/p>\n\n\n\n<p>A\u00f1adi\u00f3 que el gobierno llevaba cuatro a\u00f1os trabajando para reducir la tasa de desempleo mediante inversi\u00f3n extranjera y nacional, la ampliaci\u00f3n de las relaciones comerciales y proyectos de infraestructura.<\/p>\n","protected":false},"excerpt":{"rendered":"<p>Las agencias de ayuda humanitaria han advertido sobre la presi\u00f3n sobre los servicios locales. Los talibanes est\u00e1n exportando trabajadores afganos para cubrir puestos de trabajo en Catar, pa\u00eds del Golfo, con el fin de aliviar el desempleo en Afganist\u00e1n, y afirman que est\u00e1n en conversaciones para enviar mano de obra a Arabia Saudita, Emiratos \u00c1rabes [&hellip;]<\/p>\n","protected":false},"author":1,"featured_media":64485,"comment_status":"closed","ping_status":"closed","sticky":false,"template":"","format":"standard","meta":{"footnotes":""},"categories":[83,80],"tags":[],"class_list":["post-64484","post","type-post","status-publish","format-standard","has-post-thumbnail","hentry","category-destacado","category-mundo"],"_links":{"self":[{"href":"https:\/\/themexicopost.com\/index.php?rest_route=\/wp\/v2\/posts\/64484","targetHints":{"allow":["GET"]}}],"collection":[{"href":"https:\/\/themexicopost.com\/index.php?rest_route=\/wp\/v2\/posts"}],"about":[{"href":"https:\/\/themexicopost.com\/index.php?rest_route=\/wp\/v2\/types\/post"}],"author":[{"embeddable":true,"href":"https:\/\/themexicopost.com\/index.php?rest_route=\/wp\/v2\/users\/1"}],"replies":[{"embeddable":true,"href":"https:\/\/themexicopost.com\/index.php?rest_route=%2Fwp%2Fv2%2Fcomments&post=64484"}],"version-history":[{"count":1,"href":"https:\/\/themexicopost.com\/index.php?rest_route=\/wp\/v2\/posts\/64484\/revisions"}],"predecessor-version":[{"id":64486,"href":"https:\/\/themexicopost.com\/index.php?rest_route=\/wp\/v2\/posts\/64484\/revisions\/64486"}],"wp:featuredmedia":[{"embeddable":true,"href":"https:\/\/themexicopost.com\/index.php?rest_route=\/wp\/v2\/media\/64485"}],"wp:attachment":[{"href":"https:\/\/themexicopost.com\/index.php?rest_route=%2Fwp%2Fv2%2Fmedia&parent=64484"}],"wp:term":[{"taxonomy":"category","embeddable":true,"href":"https:\/\/themexicopost.com\/index.php?rest_route=%2Fwp%2Fv2%2Fcategories&post=64484"},{"taxonomy":"post_tag","embeddable":true,"href":"https:\/\/themexicopost.com\/index.php?rest_route=%2Fwp%2Fv2%2Ftags&post=64484"}],"curies":[{"name":"wp","href":"https:\/\/api.w.org\/{rel}","templated":true}]}}