{"id":64662,"date":"2025-08-01T07:23:33","date_gmt":"2025-08-01T13:23:33","guid":{"rendered":"https:\/\/themexicopost.com\/?p=64662"},"modified":"2025-08-01T07:23:38","modified_gmt":"2025-08-01T13:23:38","slug":"peso-mexicano-cierra-julio-con-caida-marginal-del-0-6","status":"publish","type":"post","link":"https:\/\/themexicopost.com\/?p=64662","title":{"rendered":"Peso mexicano cierra julio con ca\u00edda marginal del 0.6%"},"content":{"rendered":"\n<figure class=\"wp-block-pullquote\"><blockquote><p>Esta reciente depreciaci\u00f3n se atribuye principalmente a la aversi\u00f3n al riesgo global.<\/p><\/blockquote><\/figure>\n\n\n\n<p class=\"has-drop-cap\">A pesar de la incertidumbre por la imposici\u00f3n de aranceles de Estados Unidos a M\u00e9xico, el peso acumul\u00f3 una apreciaci\u00f3n de casi un 10% frente al d\u00f3lar en lo que va del 2025<br><\/p>\n\n\n\n<p>El peso mexicano acumul\u00f3 una apreciaci\u00f3n de casi un 10% frente al d\u00f3lar en lo que va del a\u00f1o, aunque cerr\u00f3 julio con una depreciaci\u00f3n mensual del 0.6%, cortando una racha positiva de tres meses consecutivos, seg\u00fan datos del Banco de M\u00e9xico (Banxico).<br><\/p>\n\n\n\n<p>La divisa mexicana cerr\u00f3 julio en 18,87 pesos por d\u00f3lar, despu\u00e9s de haber alcanzado en el mes un m\u00e1ximo de 18,9 y un m\u00ednimo anual de 18,5, nivel no visto desde el 1 de agosto de 2024.<br><\/p>\n\n\n\n<p>Seg\u00fan Gabriela Siller, directora de An\u00e1lisis Econ\u00f3mico y Financiero de Banco Base, \u201cel peso mexicano fue la segunda divisa que menos se depreci\u00f3 en julio\u201d, con un 9,6%, seg\u00fan datos del banco central mexicano.<br><\/p>\n\n\n\n<p>Esta reciente depreciaci\u00f3n se atribuye principalmente a la aversi\u00f3n al riesgo global, potenciada por las pol\u00edticas comerciales proteccionistas de Estados Unidos bajo la administraci\u00f3n de Donald Trump.<br><\/p>\n\n\n\n<p>Albert Suriol, de la firma especializada en trading de Wall Street Funded, explic\u00f3 que el fortalecimiento del d\u00f3lar observado recientemente responde a movimientos en el mercado financiero estadounidense.<br><\/p>\n\n\n\n<p>Pronostic\u00f3 que esta tendencia podr\u00eda prolongarse hasta que la Reserva Federal estadounidense recorte las tasas de inter\u00e9s hacia finales de a\u00f1o.<br><\/p>\n\n\n\n<p>Seg\u00fan la m\u00e1s reciente Encuesta de Expectativas de Citi M\u00e9xico, el consenso de analistas proyecta el tipo de cambio en 19,85 pesos por d\u00f3lar para finales de 2025 y 20,30 para finales de 2026.<br><\/p>\n\n\n\n<p>Gabriela Siller destac\u00f3 tambi\u00e9n que el peso ha resistido en parte gracias al incremento en las posiciones especulativas a su favor en el mercado de futuros de Chicago, que crecieron un 9,26% en las \u00faltimas semanas.<br><\/p>\n\n\n\n<p>Sin embargo, alert\u00f3 sobre posibles presiones al alza para el tipo de cambio en los pr\u00f3ximos meses por \u201cfactores estacionales\u201d, anticipando niveles entre 19,25 y 19,35 pesos por d\u00f3lar para diciembre.<\/p>\n","protected":false},"excerpt":{"rendered":"<p>Esta reciente depreciaci\u00f3n se atribuye principalmente a la aversi\u00f3n al riesgo global. A pesar de la incertidumbre por la imposici\u00f3n de aranceles de Estados Unidos a M\u00e9xico, el peso acumul\u00f3 una apreciaci\u00f3n de casi un 10% frente al d\u00f3lar en lo que va del 2025 El peso mexicano acumul\u00f3 una apreciaci\u00f3n de casi un 10% [&hellip;]<\/p>\n","protected":false},"author":1,"featured_media":64663,"comment_status":"closed","ping_status":"closed","sticky":false,"template":"","format":"standard","meta":{"footnotes":""},"categories":[83,81],"tags":[],"class_list":["post-64662","post","type-post","status-publish","format-standard","has-post-thumbnail","hentry","category-destacado","category-nacional"],"_links":{"self":[{"href":"https:\/\/themexicopost.com\/index.php?rest_route=\/wp\/v2\/posts\/64662","targetHints":{"allow":["GET"]}}],"collection":[{"href":"https:\/\/themexicopost.com\/index.php?rest_route=\/wp\/v2\/posts"}],"about":[{"href":"https:\/\/themexicopost.com\/index.php?rest_route=\/wp\/v2\/types\/post"}],"author":[{"embeddable":true,"href":"https:\/\/themexicopost.com\/index.php?rest_route=\/wp\/v2\/users\/1"}],"replies":[{"embeddable":true,"href":"https:\/\/themexicopost.com\/index.php?rest_route=%2Fwp%2Fv2%2Fcomments&post=64662"}],"version-history":[{"count":1,"href":"https:\/\/themexicopost.com\/index.php?rest_route=\/wp\/v2\/posts\/64662\/revisions"}],"predecessor-version":[{"id":64664,"href":"https:\/\/themexicopost.com\/index.php?rest_route=\/wp\/v2\/posts\/64662\/revisions\/64664"}],"wp:featuredmedia":[{"embeddable":true,"href":"https:\/\/themexicopost.com\/index.php?rest_route=\/wp\/v2\/media\/64663"}],"wp:attachment":[{"href":"https:\/\/themexicopost.com\/index.php?rest_route=%2Fwp%2Fv2%2Fmedia&parent=64662"}],"wp:term":[{"taxonomy":"category","embeddable":true,"href":"https:\/\/themexicopost.com\/index.php?rest_route=%2Fwp%2Fv2%2Fcategories&post=64662"},{"taxonomy":"post_tag","embeddable":true,"href":"https:\/\/themexicopost.com\/index.php?rest_route=%2Fwp%2Fv2%2Ftags&post=64662"}],"curies":[{"name":"wp","href":"https:\/\/api.w.org\/{rel}","templated":true}]}}