{"id":64669,"date":"2025-08-01T07:26:52","date_gmt":"2025-08-01T13:26:52","guid":{"rendered":"https:\/\/themexicopost.com\/?p=64669"},"modified":"2025-08-01T07:26:56","modified_gmt":"2025-08-01T13:26:56","slug":"combaten-espana-y-portugal-incendios-forestales","status":"publish","type":"post","link":"https:\/\/themexicopost.com\/?p=64669","title":{"rendered":"Combaten Espa\u00f1a y Portugal incendios forestales"},"content":{"rendered":"\n<figure class=\"wp-block-pullquote\"><blockquote><p>Europa es el continente que se calienta m\u00e1s r\u00e1pido del mundo, con temperaturas que aumentan al doble de la velocidad de la media mundial.<\/p><\/blockquote><\/figure>\n\n\n\n<p class=\"has-drop-cap\">Miles de bomberos en Espa\u00f1a y Portugal combatieron varios incendios forestales ante un previsible aumento de las temperaturas que podr\u00eda agravar la situaci\u00f3n en la pen\u00ednsula Ib\u00e9rica.<br><\/p>\n\n\n\n<p>En el centro de Espa\u00f1a, bomberos y una unidad militar especial trabajaron durante la noche para controlar los incendios en la provincia de \u00c1vila, especialmente un incendio cerca de la localidad de El Arenal, a unos 100 km al oeste de Madrid, seg\u00fan informaron los servicios de emergencia.<br><\/p>\n\n\n\n<p>En la provincia occidental de C\u00e1ceres, las autoridades locales informaron que los bomberos hab\u00edan estabilizado en gran medida un incendio que afect\u00f3 a unas 2.500 hect\u00e1reas. La mayor\u00eda de las \u00f3rdenes de evacuaci\u00f3n se hab\u00edan levantado, seg\u00fan las autoridades.<br><\/p>\n\n\n\n<p>En Portugal, m\u00e1s de 2.000 bomberos luchaban contra los incendios, especialmente en el norte del pa\u00eds.<br><\/p>\n\n\n\n<p>Gran parte de la pen\u00ednsula ya presenta un alto riesgo de incendios forestales, y se espera que las temperaturas suban durante el fin de semana. El servicio meteorol\u00f3gico espa\u00f1ol AEMET predijo que las temperaturas en el centro y sur de Espa\u00f1a podr\u00edan superar los 40 grados Celsius para el domingo. En Portugal, se espera que las temperaturas suban el s\u00e1bado hasta superar los 30 grados Celsius en la mayor parte del pa\u00eds.<br><\/p>\n\n\n\n<p>A pesar de las temperaturas r\u00e9cord de junio, que superaron los 40 grados Celsius en varios d\u00edas, los incendios forestales en Espa\u00f1a este a\u00f1o han quemado hasta ahora menos superficie que en a\u00f1os anteriores.<br><\/p>\n\n\n\n<p>Europa es el continente que se calienta m\u00e1s r\u00e1pido del mundo, con temperaturas que aumentan al doble de la velocidad de la media mundial desde la d\u00e9cada de 1980, seg\u00fan el Servicio de Cambio Clim\u00e1tico Copernicus de la Uni\u00f3n Europea.<br><\/p>\n\n\n\n<p>Los cient\u00edficos advierten que el cambio clim\u00e1tico est\u00e1 agravando la frecuencia e intensidad del calor y la sequ\u00eda, especialmente en el sureste de Europa, lo que aumenta la vulnerabilidad de la regi\u00f3n a los incendios forestales.<br><\/p>\n\n\n\n<p>La quema de combustibles como la gasolina, el petr\u00f3leo y el carb\u00f3n libera gases que retienen el calor a la atm\u00f3sfera y que impulsan el cambio clim\u00e1tico.<br><\/p>\n\n\n\n<p>Las actividades humanas suelen provocar incendios forestales. Las autoridades albanesas informaron que 21 personas fueron detenidas por presuntos incendios provocados en las \u00faltimas semanas, mientras el pa\u00eds luchaba contra 59 grandes incendios forestales que da\u00f1aron 29.000 hect\u00e1reas de tierra.<br><\/p>\n\n\n\n<p>El ministro del Interior de Albania, Arsen Hoxha, afirm\u00f3 que la mayor\u00eda de los incendios forestales, extinguidos por la lluvia, fueron provocados por el ser humano.<\/p>\n","protected":false},"excerpt":{"rendered":"<p>Europa es el continente que se calienta m\u00e1s r\u00e1pido del mundo, con temperaturas que aumentan al doble de la velocidad de la media mundial. Miles de bomberos en Espa\u00f1a y Portugal combatieron varios incendios forestales ante un previsible aumento de las temperaturas que podr\u00eda agravar la situaci\u00f3n en la pen\u00ednsula Ib\u00e9rica. En el centro de [&hellip;]<\/p>\n","protected":false},"author":1,"featured_media":64670,"comment_status":"closed","ping_status":"closed","sticky":false,"template":"","format":"standard","meta":{"footnotes":""},"categories":[80],"tags":[],"class_list":["post-64669","post","type-post","status-publish","format-standard","has-post-thumbnail","hentry","category-mundo"],"_links":{"self":[{"href":"https:\/\/themexicopost.com\/index.php?rest_route=\/wp\/v2\/posts\/64669","targetHints":{"allow":["GET"]}}],"collection":[{"href":"https:\/\/themexicopost.com\/index.php?rest_route=\/wp\/v2\/posts"}],"about":[{"href":"https:\/\/themexicopost.com\/index.php?rest_route=\/wp\/v2\/types\/post"}],"author":[{"embeddable":true,"href":"https:\/\/themexicopost.com\/index.php?rest_route=\/wp\/v2\/users\/1"}],"replies":[{"embeddable":true,"href":"https:\/\/themexicopost.com\/index.php?rest_route=%2Fwp%2Fv2%2Fcomments&post=64669"}],"version-history":[{"count":1,"href":"https:\/\/themexicopost.com\/index.php?rest_route=\/wp\/v2\/posts\/64669\/revisions"}],"predecessor-version":[{"id":64671,"href":"https:\/\/themexicopost.com\/index.php?rest_route=\/wp\/v2\/posts\/64669\/revisions\/64671"}],"wp:featuredmedia":[{"embeddable":true,"href":"https:\/\/themexicopost.com\/index.php?rest_route=\/wp\/v2\/media\/64670"}],"wp:attachment":[{"href":"https:\/\/themexicopost.com\/index.php?rest_route=%2Fwp%2Fv2%2Fmedia&parent=64669"}],"wp:term":[{"taxonomy":"category","embeddable":true,"href":"https:\/\/themexicopost.com\/index.php?rest_route=%2Fwp%2Fv2%2Fcategories&post=64669"},{"taxonomy":"post_tag","embeddable":true,"href":"https:\/\/themexicopost.com\/index.php?rest_route=%2Fwp%2Fv2%2Ftags&post=64669"}],"curies":[{"name":"wp","href":"https:\/\/api.w.org\/{rel}","templated":true}]}}