{"id":64672,"date":"2025-08-01T07:28:04","date_gmt":"2025-08-01T13:28:04","guid":{"rendered":"https:\/\/themexicopost.com\/?p=64672"},"modified":"2025-08-01T07:28:13","modified_gmt":"2025-08-01T13:28:13","slug":"firma-putin-un-proyecto-de-ley-que-castiga-las-busquedas-en-linea-de-informacion-considerada-extremista","status":"publish","type":"post","link":"https:\/\/themexicopost.com\/?p=64672","title":{"rendered":"Firma Putin un proyecto de ley que castiga las b\u00fasquedas en l\u00ednea de informaci\u00f3n considerada extremista"},"content":{"rendered":"\n<figure class=\"wp-block-pullquote\"><blockquote><p>Las autoridades rusas han intensificado su represi\u00f3n multifac\u00e9tica contra la disidencia tras el env\u00edo de tropas a Ucrania en febrero de 2022.<\/p><\/blockquote><\/figure>\n\n\n\n<p class=\"has-drop-cap\">El presidente ruso, Vladimir Putin, firm\u00f3 un proyecto de ley que castiga las b\u00fasquedas en l\u00ednea de informaci\u00f3n oficialmente catalogada como extremista. Esta es la \u00faltima de una serie de medidas de las autoridades para reforzar el control de internet.<br><\/p>\n\n\n\n<p>La legislaci\u00f3n, aprobada por ambas c\u00e1maras del parlamento a principios de este mes, castiga con una multa de hasta 60 d\u00f3lares lo que describe como b\u00fasqueda y acceso deliberados a materiales extremistas en l\u00ednea.<br><\/p>\n\n\n\n<p>En Rusia, la definici\u00f3n oficial de actividad extremista es extremadamente amplia e incluye a grupos de oposici\u00f3n como la Fundaci\u00f3n Anticorrupci\u00f3n, creada por el difunto l\u00edder opositor Alexei Navalny, y el &#8220;movimiento internacional LGBTQ+&#8221;.<br><\/p>\n\n\n\n<p>Funcionarios y legisladores afirmaron que los usuarios comunes de internet no se ver\u00e1n afectados y que solo se perseguir\u00e1 a quienes busquen met\u00f3dicamente contenido ilegal. No explicaron c\u00f3mo las autoridades diferenciar\u00e1n entre ellos.<br><\/p>\n\n\n\n<p>Los rusos utilizan ampliamente los servicios de VPN para acceder a contenido prohibido, pero las autoridades han buscado endurecer las restricciones y cerrar las lagunas legales. El organismo estatal de control de las comunicaciones ha utilizado cada vez m\u00e1s la tecnolog\u00eda para analizar el tr\u00e1fico y bloquear protocolos VPN espec\u00edficos.<br><\/p>\n\n\n\n<p>Las autoridades rusas han intensificado su represi\u00f3n multifac\u00e9tica contra la disidencia tras el env\u00edo de tropas a Ucrania en febrero de 2022.<br><\/p>\n\n\n\n<p>Desde entonces, la censura en l\u00ednea y los procesos judiciales por publicaciones y comentarios en redes sociales se han disparado.<br><\/p>\n\n\n\n<p>M\u00faltiples medios de comunicaci\u00f3n independientes y grupos de derechos humanos han sido clausurados, etiquetados como agentes extranjeros o ilegalizados por ser indeseables. Cientos de activistas y cr\u00edticos del Kremlin han enfrentado cargos penales.<\/p>\n","protected":false},"excerpt":{"rendered":"<p>Las autoridades rusas han intensificado su represi\u00f3n multifac\u00e9tica contra la disidencia tras el env\u00edo de tropas a Ucrania en febrero de 2022. El presidente ruso, Vladimir Putin, firm\u00f3 un proyecto de ley que castiga las b\u00fasquedas en l\u00ednea de informaci\u00f3n oficialmente catalogada como extremista. Esta es la \u00faltima de una serie de medidas de las [&hellip;]<\/p>\n","protected":false},"author":1,"featured_media":64673,"comment_status":"closed","ping_status":"closed","sticky":false,"template":"","format":"standard","meta":{"footnotes":""},"categories":[83,80],"tags":[],"class_list":["post-64672","post","type-post","status-publish","format-standard","has-post-thumbnail","hentry","category-destacado","category-mundo"],"_links":{"self":[{"href":"https:\/\/themexicopost.com\/index.php?rest_route=\/wp\/v2\/posts\/64672","targetHints":{"allow":["GET"]}}],"collection":[{"href":"https:\/\/themexicopost.com\/index.php?rest_route=\/wp\/v2\/posts"}],"about":[{"href":"https:\/\/themexicopost.com\/index.php?rest_route=\/wp\/v2\/types\/post"}],"author":[{"embeddable":true,"href":"https:\/\/themexicopost.com\/index.php?rest_route=\/wp\/v2\/users\/1"}],"replies":[{"embeddable":true,"href":"https:\/\/themexicopost.com\/index.php?rest_route=%2Fwp%2Fv2%2Fcomments&post=64672"}],"version-history":[{"count":1,"href":"https:\/\/themexicopost.com\/index.php?rest_route=\/wp\/v2\/posts\/64672\/revisions"}],"predecessor-version":[{"id":64674,"href":"https:\/\/themexicopost.com\/index.php?rest_route=\/wp\/v2\/posts\/64672\/revisions\/64674"}],"wp:featuredmedia":[{"embeddable":true,"href":"https:\/\/themexicopost.com\/index.php?rest_route=\/wp\/v2\/media\/64673"}],"wp:attachment":[{"href":"https:\/\/themexicopost.com\/index.php?rest_route=%2Fwp%2Fv2%2Fmedia&parent=64672"}],"wp:term":[{"taxonomy":"category","embeddable":true,"href":"https:\/\/themexicopost.com\/index.php?rest_route=%2Fwp%2Fv2%2Fcategories&post=64672"},{"taxonomy":"post_tag","embeddable":true,"href":"https:\/\/themexicopost.com\/index.php?rest_route=%2Fwp%2Fv2%2Ftags&post=64672"}],"curies":[{"name":"wp","href":"https:\/\/api.w.org\/{rel}","templated":true}]}}