{"id":64678,"date":"2025-08-01T07:47:54","date_gmt":"2025-08-01T13:47:54","guid":{"rendered":"https:\/\/themexicopost.com\/?p=64678"},"modified":"2025-08-01T07:48:00","modified_gmt":"2025-08-01T13:48:00","slug":"se-convertira-el-vaticano-en-el-primer-estado-neutral-en-carbono-del-mundo","status":"publish","type":"post","link":"https:\/\/themexicopost.com\/?p=64678","title":{"rendered":"Se convertir\u00e1 El Vaticano en el primer estado neutral en carbono del mundo"},"content":{"rendered":"\n<figure class=\"wp-block-pullquote\"><blockquote><p>El Papa Le\u00f3n XIV visit\u00f3 el lugar en junio y afirm\u00f3 su intenci\u00f3n de llevar a cabo la visi\u00f3n de Francisco.<\/p><\/blockquote><\/figure>\n\n\n\n<p class=\"has-drop-cap\">Italia acept\u00f3 un plan del Vaticano para convertir un campo de 430 hect\u00e1reas al norte de Roma, que en su d\u00eda fue motivo de controversia entre ambos pa\u00edses, en un vasto parque solar que la Santa Sede espera genere suficiente electricidad para satisfacer sus necesidades y convertir a la Ciudad del Vaticano en el primer estado neutral en carbono del mundo.<br><\/p>\n\n\n\n<p>El acuerdo estipula que el desarrollo del terreno de Santa Maria Galeria preservar\u00e1 el uso agr\u00edcola del terreno y minimizar\u00e1 el impacto ambiental en el territorio, seg\u00fan un comunicado del Vaticano.<br><\/p>\n\n\n\n<p>No se dieron a conocer los detalles, pero el Vaticano estar\u00e1 exento del pago de impuestos italianos para la importaci\u00f3n de los paneles solares, pero no se beneficiar\u00e1 de los incentivos financieros que disfrutan los italianos cuando optan por la energ\u00eda solar. Italia, por su parte, podr\u00e1 utilizar el campo en su contabilidad para alcanzar los objetivos de energ\u00eda limpia de la Uni\u00f3n Europea.<br><\/p>\n\n\n\n<p>Cualquier excedente de electricidad generada por el parque solar, m\u00e1s all\u00e1 de las necesidades del Vaticano, se destinar\u00e1 a la comunidad local, seg\u00fan informaron las autoridades, que hablaron bajo condici\u00f3n de anonimato debido a que el acuerdo no es p\u00fablico.<br><\/p>\n\n\n\n<p>Las autoridades vaticanas han estimado que el desarrollo del parque solar costar\u00e1 menos de 114 millones de d\u00f3lares, y que una vez aprobado por el parlamento italiano, los contratos para realizar las obras podr\u00edan licitarse.<br><\/p>\n\n\n\n<p>El ministro de Asuntos Exteriores del Vaticano, el arzobispo Paul Gallagher, firm\u00f3 el acuerdo con el embajador de Italia ante la Santa Sede, Francesco Di Nitto. El parlamento italiano debe aprobar el acuerdo, ya que tiene implicaciones financieras para el territorio, que tiene estatus extraterritorial en Italia.<br><\/p>\n\n\n\n<p>El sitio de Santa Mar\u00eda Galer\u00eda ha sido durante mucho tiempo motivo de controversia debido a las ondas electromagn\u00e9ticas emitidas por las torres de Radio Vaticano ubicadas all\u00ed desde la d\u00e9cada de 1950. El antiguo sitio rural, a unos 35 kil\u00f3metros al norte de Roma, est\u00e1 dominado por dos docenas de antenas de radio de onda corta y media que transmiten noticias de la Iglesia Cat\u00f3lica en docenas de idiomas en todo el mundo.<br><\/p>\n\n\n\n<p>Con el paso de los a\u00f1os, a medida que la zona se fue desarrollando, los residentes comenzaron a quejarse de problemas de salud, incluyendo casos de leucemia infantil, que atribu\u00edan a las ondas electromagn\u00e9ticas generadas por las torres. El Vaticano neg\u00f3 cualquier relaci\u00f3n causal, pero redujo las transmisiones.<br><\/p>\n\n\n\n<p>El a\u00f1o pasado, el Papa Francisco solicit\u00f3 al Vaticano que estudiara la posibilidad de convertir la zona en un gran parque solar, con la esperanza de poner en pr\u00e1ctica su predicaci\u00f3n sobre la necesidad de abandonar los combustibles f\u00f3siles y encontrar fuentes de energ\u00eda limpias y neutrales en carbono.<br><\/p>\n\n\n\n<p>El Papa Le\u00f3n XIV visit\u00f3 el lugar en junio y afirm\u00f3 su intenci\u00f3n de llevar a cabo la visi\u00f3n de Francisco. Le\u00f3n ha asumido con firmeza el manto ecol\u00f3gico de Francisco, utilizando recientemente un nuevo conjunto de oraciones y lecturas inspiradas en el legado ambiental del Papa Francisco.<\/p>\n","protected":false},"excerpt":{"rendered":"<p>El Papa Le\u00f3n XIV visit\u00f3 el lugar en junio y afirm\u00f3 su intenci\u00f3n de llevar a cabo la visi\u00f3n de Francisco. Italia acept\u00f3 un plan del Vaticano para convertir un campo de 430 hect\u00e1reas al norte de Roma, que en su d\u00eda fue motivo de controversia entre ambos pa\u00edses, en un vasto parque solar que [&hellip;]<\/p>\n","protected":false},"author":1,"featured_media":64680,"comment_status":"closed","ping_status":"closed","sticky":false,"template":"","format":"standard","meta":{"footnotes":""},"categories":[83,80],"tags":[],"class_list":["post-64678","post","type-post","status-publish","format-standard","has-post-thumbnail","hentry","category-destacado","category-mundo"],"_links":{"self":[{"href":"https:\/\/themexicopost.com\/index.php?rest_route=\/wp\/v2\/posts\/64678","targetHints":{"allow":["GET"]}}],"collection":[{"href":"https:\/\/themexicopost.com\/index.php?rest_route=\/wp\/v2\/posts"}],"about":[{"href":"https:\/\/themexicopost.com\/index.php?rest_route=\/wp\/v2\/types\/post"}],"author":[{"embeddable":true,"href":"https:\/\/themexicopost.com\/index.php?rest_route=\/wp\/v2\/users\/1"}],"replies":[{"embeddable":true,"href":"https:\/\/themexicopost.com\/index.php?rest_route=%2Fwp%2Fv2%2Fcomments&post=64678"}],"version-history":[{"count":1,"href":"https:\/\/themexicopost.com\/index.php?rest_route=\/wp\/v2\/posts\/64678\/revisions"}],"predecessor-version":[{"id":64681,"href":"https:\/\/themexicopost.com\/index.php?rest_route=\/wp\/v2\/posts\/64678\/revisions\/64681"}],"wp:featuredmedia":[{"embeddable":true,"href":"https:\/\/themexicopost.com\/index.php?rest_route=\/wp\/v2\/media\/64680"}],"wp:attachment":[{"href":"https:\/\/themexicopost.com\/index.php?rest_route=%2Fwp%2Fv2%2Fmedia&parent=64678"}],"wp:term":[{"taxonomy":"category","embeddable":true,"href":"https:\/\/themexicopost.com\/index.php?rest_route=%2Fwp%2Fv2%2Fcategories&post=64678"},{"taxonomy":"post_tag","embeddable":true,"href":"https:\/\/themexicopost.com\/index.php?rest_route=%2Fwp%2Fv2%2Ftags&post=64678"}],"curies":[{"name":"wp","href":"https:\/\/api.w.org\/{rel}","templated":true}]}}