{"id":64689,"date":"2025-08-01T07:53:41","date_gmt":"2025-08-01T13:53:41","guid":{"rendered":"https:\/\/themexicopost.com\/?p=64689"},"modified":"2025-08-01T07:53:44","modified_gmt":"2025-08-01T13:53:44","slug":"indonesia-liberara-a-cientos-de-presos-bajo-el-plan-de-clemencia-del-presidente","status":"publish","type":"post","link":"https:\/\/themexicopost.com\/?p=64689","title":{"rendered":"Indonesia liberar\u00e1 a cientos de presos bajo el plan de clemencia del presidente"},"content":{"rendered":"\n<figure class=\"wp-block-pullquote\"><blockquote><p>El anuncio fue realizado por el vicepresidente de la C\u00e1mara de Representantes, Sufmi Dasco Ahmad, y el ministro de Justicia, Supratman Andi Agtas.<\/p><\/blockquote><\/figure>\n\n\n\n<p class=\"has-drop-cap\">Indonesia se prepara para comenzar a liberar a cientos de convictos de sus c\u00e1rceles, notoriamente superpobladas, despu\u00e9s de que el parlamento aprobara la primera etapa del amplio plan de clemencia del presidente Prabowo Subianto.<br><\/p>\n\n\n\n<p>El primer grupo de 1.116 personas comenzar\u00e1 a salir de las c\u00e1rceles la pr\u00f3xima semana, e incluye a destacados rivales del expresidente Joko Widodo, encarcelados durante su mandato, as\u00ed como activistas independentistas de Pap\u00faa.<br><\/p>\n\n\n\n<p>El anuncio fue realizado por el vicepresidente de la C\u00e1mara de Representantes, Sufmi Dasco Ahmad, y el ministro de Justicia, Supratman Andi Agtas, tras una consulta entre el gobierno y las facciones del partido en la legislatura.<br><\/p>\n\n\n\n<p>Subianto sorprendi\u00f3 al pa\u00eds apenas dos meses despu\u00e9s de asumir el cargo en octubre, al anunciar que planeaba conceder clemencia a 44.000 reclusos en todo el pa\u00eds.<br><\/p>\n\n\n\n<p>Los anteriores l\u00edderes indonesios rara vez han utilizado sus poderes de amnist\u00eda, que requieren la aprobaci\u00f3n del parlamento. Agtas afirm\u00f3 que el gobierno est\u00e1 priorizando a los presos con trastornos mentales, los ancianos, los enfermos graves y aquellos condenados por blasfemia o por insultar al l\u00edder del pa\u00eds.<br><\/p>\n\n\n\n<p>Entre los condenados que ser\u00e1n liberados se encuentran varias figuras prominentes de la oposici\u00f3n, como Hasto Kristiyanto, secretario general del \u00fanico partido de oposici\u00f3n formal del pa\u00eds, el Partido Democr\u00e1tico de Lucha de Indonesia.<br><\/p>\n\n\n\n<p>Kristiyanto, exaliado de Widodo que critic\u00f3 duramente al expresidente y a su familia, fue condenado la semana pasada a 3,5 a\u00f1os de prisi\u00f3n por soborno en un plan de nombramiento de esca\u00f1os legislativos en 2019.<br><\/p>\n\n\n\n<p>Agtas indic\u00f3 que el parlamento tambi\u00e9n aprob\u00f3 el fin del proceso penal contra el exministro de Comercio Tom Lembong, antiguo aliado de Widodo que rompi\u00f3 con \u00e9l durante las elecciones presidenciales de 2024 para apoyar a su rival pol\u00edtico Anies Baswedan. Lembong recibi\u00f3 una condena de 4,5 a\u00f1os y se preparaba para apelarla antes de que Subianto le propusiera clemencia.<br><\/p>\n\n\n\n<p>El grupo tambi\u00e9n incluye a seis activistas independentistas pap\u00faes que actualmente cumplen condenas de prisi\u00f3n por traici\u00f3n. Agtas afirm\u00f3 que fueron liberados porque el gobierno considera que su movimiento est\u00e1 desarmado.<br><\/p>\n\n\n\n<p>Se espera que las autoridades presenten pr\u00f3ximamente una segunda lista de 1668 reclusos al parlamento, a\u00f1adi\u00f3.<\/p>\n","protected":false},"excerpt":{"rendered":"<p>El anuncio fue realizado por el vicepresidente de la C\u00e1mara de Representantes, Sufmi Dasco Ahmad, y el ministro de Justicia, Supratman Andi Agtas. Indonesia se prepara para comenzar a liberar a cientos de convictos de sus c\u00e1rceles, notoriamente superpobladas, despu\u00e9s de que el parlamento aprobara la primera etapa del amplio plan de clemencia del presidente [&hellip;]<\/p>\n","protected":false},"author":1,"featured_media":64690,"comment_status":"closed","ping_status":"closed","sticky":false,"template":"","format":"standard","meta":{"footnotes":""},"categories":[80],"tags":[],"class_list":["post-64689","post","type-post","status-publish","format-standard","has-post-thumbnail","hentry","category-mundo"],"_links":{"self":[{"href":"https:\/\/themexicopost.com\/index.php?rest_route=\/wp\/v2\/posts\/64689","targetHints":{"allow":["GET"]}}],"collection":[{"href":"https:\/\/themexicopost.com\/index.php?rest_route=\/wp\/v2\/posts"}],"about":[{"href":"https:\/\/themexicopost.com\/index.php?rest_route=\/wp\/v2\/types\/post"}],"author":[{"embeddable":true,"href":"https:\/\/themexicopost.com\/index.php?rest_route=\/wp\/v2\/users\/1"}],"replies":[{"embeddable":true,"href":"https:\/\/themexicopost.com\/index.php?rest_route=%2Fwp%2Fv2%2Fcomments&post=64689"}],"version-history":[{"count":1,"href":"https:\/\/themexicopost.com\/index.php?rest_route=\/wp\/v2\/posts\/64689\/revisions"}],"predecessor-version":[{"id":64691,"href":"https:\/\/themexicopost.com\/index.php?rest_route=\/wp\/v2\/posts\/64689\/revisions\/64691"}],"wp:featuredmedia":[{"embeddable":true,"href":"https:\/\/themexicopost.com\/index.php?rest_route=\/wp\/v2\/media\/64690"}],"wp:attachment":[{"href":"https:\/\/themexicopost.com\/index.php?rest_route=%2Fwp%2Fv2%2Fmedia&parent=64689"}],"wp:term":[{"taxonomy":"category","embeddable":true,"href":"https:\/\/themexicopost.com\/index.php?rest_route=%2Fwp%2Fv2%2Fcategories&post=64689"},{"taxonomy":"post_tag","embeddable":true,"href":"https:\/\/themexicopost.com\/index.php?rest_route=%2Fwp%2Fv2%2Ftags&post=64689"}],"curies":[{"name":"wp","href":"https:\/\/api.w.org\/{rel}","templated":true}]}}