{"id":64695,"date":"2025-08-01T07:56:08","date_gmt":"2025-08-01T13:56:08","guid":{"rendered":"https:\/\/themexicopost.com\/?p=64695"},"modified":"2025-08-01T07:56:11","modified_gmt":"2025-08-01T13:56:11","slug":"existe-un-riesgo-de-contagio-masivo-de-no-controlar-la-viruela-del-mono-oms","status":"publish","type":"post","link":"https:\/\/themexicopost.com\/?p=64695","title":{"rendered":"Existe un riesgo de contagio masivo de no controlar la viruela del mono: OMS"},"content":{"rendered":"\n<figure class=\"wp-block-pullquote\"><blockquote><p>El organismo advierte que la transmisi\u00f3n de mpox entre humanos podr\u00eda volverse comunitaria si no se act\u00faa con rapidez para frenar los brotes actuales.<\/p><\/blockquote><\/figure>\n\n\n\n<p class=\"has-drop-cap\">La Organizaci\u00f3n Mundial de la Salud (OMS) ha advertido de que si los brotes de mpox -antes denominada viruela del mono- no se contienen r\u00e1pidamente ni se interrumpe la transmisi\u00f3n entre humanos, siguen representando un riesgo de transmisi\u00f3n comunitaria sostenida.<br><\/p>\n\n\n\n<p>As\u00ed se lo indica la OMS en el informe n\u00famero 56 de la situaci\u00f3n sobre el brote multinacional de mpox, en el que se\u00f1ala que todos los clados del virus de la viruela del mono siguen circulando en varios pa\u00edses del mundo.<br><\/p>\n\n\n\n<p>El organismo se\u00f1ala que, en junio, 50 pa\u00edses de todas las regiones de la OMS notificaron un total de 4.798 casos confirmados, incluidas 21 muertes. La mayor\u00eda de los casos siguen registr\u00e1ndose en la regi\u00f3n de \u00c1frica, no obstante la OMS destaca la reciente tendencia general a la baja de los casos confirmados en todo el continente africano, debido al descenso de los casos en Sierra Leona y la Rep\u00fablica Democr\u00e1tica del Congo.<br><\/p>\n\n\n\n<p>En este sentido, la OMS indica que 21 pa\u00edses africanos han notificado la transmisi\u00f3n continua del virus en las \u00faltimas seis semanas. El clado IIb sigue notific\u00e1ndose en \u00c1frica occidental, mientras que los pa\u00edses de \u00c1frica central notifican tanto el clado Ia como el clado Ib, y los pa\u00edses de \u00c1frica oriental notifican el clado Ib.<br><\/p>\n\n\n\n<p>Desde la \u00faltima edici\u00f3n de este informe, un nuevo pa\u00eds, Gambia, ha notificado un caso de viruela del mono por primera vez. El an\u00e1lisis de secuenciaci\u00f3n gen\u00f3mica ha identificado el mpox del clado IIb. Adem\u00e1s, Mozambique ha notificado por primera vez casos de mpox del clado Ib.<br><\/p>\n\n\n\n<p>Por \u00faltimo, el documento resalta que Australia, China y el Reino Unido han notificado casos adicionales de mpox del clado Ib desde el \u00faltimo informe de situaci\u00f3n. Estos casos se han relacionado con viajes, y la transmisi\u00f3n comunitaria del clado Ib sigue notific\u00e1ndose \u00fanicamente en pa\u00edses de \u00c1frica central y oriental.<\/p>\n","protected":false},"excerpt":{"rendered":"<p>El organismo advierte que la transmisi\u00f3n de mpox entre humanos podr\u00eda volverse comunitaria si no se act\u00faa con rapidez para frenar los brotes actuales. La Organizaci\u00f3n Mundial de la Salud (OMS) ha advertido de que si los brotes de mpox -antes denominada viruela del mono- no se contienen r\u00e1pidamente ni se interrumpe la transmisi\u00f3n entre [&hellip;]<\/p>\n","protected":false},"author":1,"featured_media":64696,"comment_status":"closed","ping_status":"closed","sticky":false,"template":"","format":"standard","meta":{"footnotes":""},"categories":[80],"tags":[],"class_list":["post-64695","post","type-post","status-publish","format-standard","has-post-thumbnail","hentry","category-mundo"],"_links":{"self":[{"href":"https:\/\/themexicopost.com\/index.php?rest_route=\/wp\/v2\/posts\/64695","targetHints":{"allow":["GET"]}}],"collection":[{"href":"https:\/\/themexicopost.com\/index.php?rest_route=\/wp\/v2\/posts"}],"about":[{"href":"https:\/\/themexicopost.com\/index.php?rest_route=\/wp\/v2\/types\/post"}],"author":[{"embeddable":true,"href":"https:\/\/themexicopost.com\/index.php?rest_route=\/wp\/v2\/users\/1"}],"replies":[{"embeddable":true,"href":"https:\/\/themexicopost.com\/index.php?rest_route=%2Fwp%2Fv2%2Fcomments&post=64695"}],"version-history":[{"count":1,"href":"https:\/\/themexicopost.com\/index.php?rest_route=\/wp\/v2\/posts\/64695\/revisions"}],"predecessor-version":[{"id":64697,"href":"https:\/\/themexicopost.com\/index.php?rest_route=\/wp\/v2\/posts\/64695\/revisions\/64697"}],"wp:featuredmedia":[{"embeddable":true,"href":"https:\/\/themexicopost.com\/index.php?rest_route=\/wp\/v2\/media\/64696"}],"wp:attachment":[{"href":"https:\/\/themexicopost.com\/index.php?rest_route=%2Fwp%2Fv2%2Fmedia&parent=64695"}],"wp:term":[{"taxonomy":"category","embeddable":true,"href":"https:\/\/themexicopost.com\/index.php?rest_route=%2Fwp%2Fv2%2Fcategories&post=64695"},{"taxonomy":"post_tag","embeddable":true,"href":"https:\/\/themexicopost.com\/index.php?rest_route=%2Fwp%2Fv2%2Ftags&post=64695"}],"curies":[{"name":"wp","href":"https:\/\/api.w.org\/{rel}","templated":true}]}}