{"id":65448,"date":"2025-08-13T08:02:22","date_gmt":"2025-08-13T14:02:22","guid":{"rendered":"https:\/\/themexicopost.com\/?p=65448"},"modified":"2025-08-13T08:02:27","modified_gmt":"2025-08-13T14:02:27","slug":"estalla-una-fabrica-de-explosivos-en-brasil-contabilizan-nueve-muertos","status":"publish","type":"post","link":"https:\/\/themexicopost.com\/?p=65448","title":{"rendered":"Estalla una f\u00e1brica de explosivos en Brasil; contabilizan nueve muertos"},"content":{"rendered":"\n<figure class=\"wp-block-pullquote\"><blockquote><p>-El accidente ocurri\u00f3 en la regi\u00f3n de Curitiba, donde otras siete personas resultaron heridas y fueron trasladadas a un hospital de la zona.<\/p><\/blockquote><\/figure>\n\n\n\n<p class=\"has-drop-cap\">Una fuerte detonaci\u00f3n accidental en una f\u00e1brica de materiales explosivos en el sur de Brasil dej\u00f3 nueve fallecidos, informaron las autoridades. El incidente ocurri\u00f3 en la regi\u00f3n metropolitana de Curitiba, capital del estado de Paran\u00e1.<br><\/p>\n\n\n\n<p>Im\u00e1genes divulgadas por los bomberos de Paran\u00e1 tras controlar el incendio mostraban un enorme terreno con escombros.<br><\/p>\n\n\n\n<p>&#8220;Ya no tenemos la posibilidad de encontrar sobrevivientes entre esas nueves personas que deber\u00edan haber estado en ese lugar&#8221;, dijo Coronel Hudson, secretario estatal de seguridad p\u00fablica.<br><\/p>\n\n\n\n<p>Los bomberos hab\u00edan reportado previamente que seis hombres y tres mujeres estaban desaparecidos. Efectivos de las fuerzas de seguridad ayudados por perros trabajaron en las b\u00fasquedas.<br><\/p>\n\n\n\n<p>Otras siete personas resultaron heridas y fueron atendidas en hospitales cercanos, seg\u00fan una nota de la firma Enaex Brasil, a la que pertenece la planta, publicada por los medios locales.<br><\/p>\n\n\n\n<p>&#8220;El \u00e1rea de la explosi\u00f3n qued\u00f3 muy destruida. Tenemos en un radio de aproximadamente 1,5 km casas que fueron impactadas, con vidrios rotos, estructuras afectadas, una onda expansiva enorme&#8221;, explic\u00f3 la portavoz de los bomberos Luisiana Guimaraes.<br><\/p>\n\n\n\n<p>Directivos de Enaex Brasil dijeron en rueda de prensa que las causas del accidente est\u00e1n siendo investigadas. La empresa ejecuta un plan de contingencia de atenci\u00f3n psicol\u00f3gica a las v\u00edctimas y sus familiares, agregaron.<br><\/p>\n\n\n\n<p>Seg\u00fan las autoridades, habitantes de varias localidades cercanas escucharon la detonaci\u00f3n.<\/p>\n","protected":false},"excerpt":{"rendered":"<p>-El accidente ocurri\u00f3 en la regi\u00f3n de Curitiba, donde otras siete personas resultaron heridas y fueron trasladadas a un hospital de la zona. Una fuerte detonaci\u00f3n accidental en una f\u00e1brica de materiales explosivos en el sur de Brasil dej\u00f3 nueve fallecidos, informaron las autoridades. El incidente ocurri\u00f3 en la regi\u00f3n metropolitana de Curitiba, capital del [&hellip;]<\/p>\n","protected":false},"author":1,"featured_media":65449,"comment_status":"closed","ping_status":"closed","sticky":false,"template":"","format":"standard","meta":{"footnotes":""},"categories":[83,80],"tags":[],"class_list":["post-65448","post","type-post","status-publish","format-standard","has-post-thumbnail","hentry","category-destacado","category-mundo"],"_links":{"self":[{"href":"https:\/\/themexicopost.com\/index.php?rest_route=\/wp\/v2\/posts\/65448","targetHints":{"allow":["GET"]}}],"collection":[{"href":"https:\/\/themexicopost.com\/index.php?rest_route=\/wp\/v2\/posts"}],"about":[{"href":"https:\/\/themexicopost.com\/index.php?rest_route=\/wp\/v2\/types\/post"}],"author":[{"embeddable":true,"href":"https:\/\/themexicopost.com\/index.php?rest_route=\/wp\/v2\/users\/1"}],"replies":[{"embeddable":true,"href":"https:\/\/themexicopost.com\/index.php?rest_route=%2Fwp%2Fv2%2Fcomments&post=65448"}],"version-history":[{"count":1,"href":"https:\/\/themexicopost.com\/index.php?rest_route=\/wp\/v2\/posts\/65448\/revisions"}],"predecessor-version":[{"id":65450,"href":"https:\/\/themexicopost.com\/index.php?rest_route=\/wp\/v2\/posts\/65448\/revisions\/65450"}],"wp:featuredmedia":[{"embeddable":true,"href":"https:\/\/themexicopost.com\/index.php?rest_route=\/wp\/v2\/media\/65449"}],"wp:attachment":[{"href":"https:\/\/themexicopost.com\/index.php?rest_route=%2Fwp%2Fv2%2Fmedia&parent=65448"}],"wp:term":[{"taxonomy":"category","embeddable":true,"href":"https:\/\/themexicopost.com\/index.php?rest_route=%2Fwp%2Fv2%2Fcategories&post=65448"},{"taxonomy":"post_tag","embeddable":true,"href":"https:\/\/themexicopost.com\/index.php?rest_route=%2Fwp%2Fv2%2Ftags&post=65448"}],"curies":[{"name":"wp","href":"https:\/\/api.w.org\/{rel}","templated":true}]}}