{"id":65472,"date":"2025-08-13T08:17:51","date_gmt":"2025-08-13T14:17:51","guid":{"rendered":"https:\/\/themexicopost.com\/?p=65472"},"modified":"2025-08-13T08:19:02","modified_gmt":"2025-08-13T14:19:02","slug":"madonna-pide-al-papa-leon-que-visite-gaza-antes-de-que-sea-muy-tarde","status":"publish","type":"post","link":"https:\/\/themexicopost.com\/?p=65472","title":{"rendered":"Madonna pide al Papa Le\u00f3n que visite Gaza antes de que sea muy tarde"},"content":{"rendered":"\n<figure class=\"wp-block-pullquote\"><blockquote><p>La cantante hizo la petici\u00f3n por medio de redes sociales motivada por el cumplea\u00f1os de su hijo Rocco.<\/p><\/blockquote><\/figure>\n\n\n\n<p class=\"has-drop-cap\">La cantante escribi\u00f3 que el Papa Le\u00f3n XIV es el \u00fanico al que no se le puede negar la entrada en Gaza. El Papa Le\u00f3n ha renovado su llamamiento a un alto el fuego inmediato en Gaza, pidiendo a la comunidad internacional que se respeten las leyes humanitarias y la obligaci\u00f3n de proteger a los civiles<br><\/p>\n\n\n\n<p>Madonna, icono del pop, suplica al Papa Le\u00f3n que viaje a Gaza para llevar su luz a los ni\u00f1os antes de que sea demasiado tarde. Madonna public\u00f3 un mensaje en internet en el que dec\u00eda que su petici\u00f3n estaba motivada por el cumplea\u00f1os de su hijo Rocco.<br><\/p>\n\n\n\n<p>&#8220;Siento que el mejor regalo que puedo hacerle como madre es pedir a todo el mundo que haga lo que pueda para ayudar a salvar a los ni\u00f1os inocentes atrapados en el fuego cruzado de Gaza&#8221;, escribi\u00f3 Madonna.<br><\/p>\n\n\n\n<p>La cantante, criada como cat\u00f3lica romana, a\u00f1adi\u00f3 que el Papa Le\u00f3n XIV es el \u00fanico de nosotros al que no se le puede negar la entrada en Gaza, y a\u00f1adi\u00f3 que ya no hay tiempo.<br><\/p>\n\n\n\n<p>&#8220;No estoy se\u00f1alando con el dedo, culpando o tomando partido&#8221;, escribi\u00f3. &#8220;Todo el mundo sufre. Simplemente intento hacer lo que puedo para evitar que estos ni\u00f1os mueran de hambre&#8221;.<br><\/p>\n\n\n\n<p>UNICEF, la agencia de Naciones Unidas para la infancia, tuite\u00f3 la semana pasada que m\u00e1s de 18.000 ni\u00f1os han muerto en Gaza en los \u00faltimos 22 meses y que en Gaza, una media de 28 ni\u00f1os al d\u00eda -del tama\u00f1o de un aula- han sido asesinados.<br><\/p>\n\n\n\n<p>Israel niega que se est\u00e9 produciendo una hambruna o que haya ni\u00f1os muriendo de hambre. Afirma que ha suministrado alimentos suficientes durante toda la guerra y acusa a Ham\u00e1s de robar la ayuda.<br><\/p>\n\n\n\n<p>El Papa Le\u00f3n ha renovado recientemente su llamamiento a un alto el fuego inmediato en Gaza, pidiendo a la comunidad internacional que se respeten las leyes humanitarias y la obligaci\u00f3n de proteger a los civiles. &#8220;Pido una vez m\u00e1s el fin inmediato de la barbarie de esta guerra y una resoluci\u00f3n pac\u00edfica del conflicto&#8221;, declar\u00f3 el Le\u00f3n XIV el mes pasado.<br><\/p>\n\n\n\n<p>Madonna es la \u00faltima figura destacada del mundo de la m\u00fasica que se ha pronunciado en favor de los palestinos de Gaza. El domingo, los cuatro miembros de U2 -Bono, The Edge, Adam Clayton y Larry Mullen Jr.- escribieron respuestas personales a las acciones de Israel en Gaza.<br><\/p>\n\n\n\n<p>Tras su condena de las acciones &#8220;diab\u00f3licas&#8221; de Ham\u00e1s, Bono escribi\u00f3 que Benjamin Netanyahu y el Gobierno israel\u00ed merecen &#8220;nuestra condena categ\u00f3rica e inequ\u00edvoca&#8221;.<\/p>\n","protected":false},"excerpt":{"rendered":"<p>La cantante hizo la petici\u00f3n por medio de redes sociales motivada por el cumplea\u00f1os de su hijo Rocco. La cantante escribi\u00f3 que el Papa Le\u00f3n XIV es el \u00fanico al que no se le puede negar la entrada en Gaza. El Papa Le\u00f3n ha renovado su llamamiento a un alto el fuego inmediato en Gaza, [&hellip;]<\/p>\n","protected":false},"author":1,"featured_media":65473,"comment_status":"closed","ping_status":"closed","sticky":false,"template":"","format":"standard","meta":{"footnotes":""},"categories":[83,80],"tags":[],"class_list":["post-65472","post","type-post","status-publish","format-standard","has-post-thumbnail","hentry","category-destacado","category-mundo"],"_links":{"self":[{"href":"https:\/\/themexicopost.com\/index.php?rest_route=\/wp\/v2\/posts\/65472","targetHints":{"allow":["GET"]}}],"collection":[{"href":"https:\/\/themexicopost.com\/index.php?rest_route=\/wp\/v2\/posts"}],"about":[{"href":"https:\/\/themexicopost.com\/index.php?rest_route=\/wp\/v2\/types\/post"}],"author":[{"embeddable":true,"href":"https:\/\/themexicopost.com\/index.php?rest_route=\/wp\/v2\/users\/1"}],"replies":[{"embeddable":true,"href":"https:\/\/themexicopost.com\/index.php?rest_route=%2Fwp%2Fv2%2Fcomments&post=65472"}],"version-history":[{"count":2,"href":"https:\/\/themexicopost.com\/index.php?rest_route=\/wp\/v2\/posts\/65472\/revisions"}],"predecessor-version":[{"id":65476,"href":"https:\/\/themexicopost.com\/index.php?rest_route=\/wp\/v2\/posts\/65472\/revisions\/65476"}],"wp:featuredmedia":[{"embeddable":true,"href":"https:\/\/themexicopost.com\/index.php?rest_route=\/wp\/v2\/media\/65473"}],"wp:attachment":[{"href":"https:\/\/themexicopost.com\/index.php?rest_route=%2Fwp%2Fv2%2Fmedia&parent=65472"}],"wp:term":[{"taxonomy":"category","embeddable":true,"href":"https:\/\/themexicopost.com\/index.php?rest_route=%2Fwp%2Fv2%2Fcategories&post=65472"},{"taxonomy":"post_tag","embeddable":true,"href":"https:\/\/themexicopost.com\/index.php?rest_route=%2Fwp%2Fv2%2Ftags&post=65472"}],"curies":[{"name":"wp","href":"https:\/\/api.w.org\/{rel}","templated":true}]}}