{"id":65485,"date":"2025-08-13T08:28:15","date_gmt":"2025-08-13T14:28:15","guid":{"rendered":"https:\/\/themexicopost.com\/?p=65485"},"modified":"2025-08-13T08:28:21","modified_gmt":"2025-08-13T14:28:21","slug":"putin-y-kim-jong-un-se-comprometen-a-reforzar-su-cooperacion","status":"publish","type":"post","link":"https:\/\/themexicopost.com\/?p=65485","title":{"rendered":"Putin y Kim Jong-un se comprometen a reforzar su cooperaci\u00f3n"},"content":{"rendered":"\n<figure class=\"wp-block-pullquote\"><blockquote><p>Rusia y Corea del Norte estrecharon sus lazos en los \u00faltimos a\u00f1os, sobre todo luego de las operaciones conjuntas en territorio ucraniano.<\/p><\/blockquote><\/figure>\n\n\n\n<p class=\"has-drop-cap\">El presidente de Rusia, Vladimir Putin, y el l\u00edder norcoreano, Kim Jong-un, se comprometieron a reforzar su cooperaci\u00f3n, d\u00edas antes de la cumbre del mandatario ruso con el estadounidense Donald Trump en Alaska, informaron medios estatales de Pyongyang.<br><\/p>\n\n\n\n<p>Se espera que el magnate republicano presione a Mosc\u00fa durante su reuni\u00f3n el pr\u00f3ximo viernes para que ponga fin a su conflicto en Ucrania, en el que Corea del Norte ha suministrado tropas a Rusia.<br><\/p>\n\n\n\n<p>Putin y Kim Jong-un conversaron por tel\u00e9fono en un ambiente c\u00e1lido y de camarader\u00eda y confirmaron su voluntad de reforzar la cooperaci\u00f3n en el futuro, inform\u00f3 la agencia de noticias oficial norcoreana KCNA.<br><\/p>\n\n\n\n<p>Putin expres\u00f3 su agradecimiento por el esp\u00edritu de sacrificio demostrado por el personal militar del Ej\u00e9rcito Popular de Corea en la liberaci\u00f3n de Kursk, a\u00f1adi\u00f3 el medio en referencia a la participaci\u00f3n de Corea del Norte en la guerra de Rusia contra Ucrania.<br><\/p>\n\n\n\n<p>Kim Jong-un, por su parte, prometi\u00f3 que Corea del Norte apoyar\u00e1 plenamente todas las medidas que adopte el liderazgo ruso en el futuro.<br><\/p>\n\n\n\n<p>Rusia y Corea del Norte han estrechado sus lazos en los \u00faltimos a\u00f1os, sobre todo luego de las operaciones conjuntas en territorio ucraniano.<br><\/p>\n\n\n\n<p>Los dos pa\u00edses tambi\u00e9n firmaron un pacto de defensa mutua el a\u00f1o pasado, cuando Putin visit\u00f3 el herm\u00e9tico pa\u00eds.<br><\/p>\n\n\n\n<p>Corea del Norte confirm\u00f3 por primera vez en abril que hab\u00eda desplegado un contingente de sus soldados en el frente de Ucrania, junto a las tropas rusas.<\/p>\n","protected":false},"excerpt":{"rendered":"<p>Rusia y Corea del Norte estrecharon sus lazos en los \u00faltimos a\u00f1os, sobre todo luego de las operaciones conjuntas en territorio ucraniano. El presidente de Rusia, Vladimir Putin, y el l\u00edder norcoreano, Kim Jong-un, se comprometieron a reforzar su cooperaci\u00f3n, d\u00edas antes de la cumbre del mandatario ruso con el estadounidense Donald Trump en Alaska, [&hellip;]<\/p>\n","protected":false},"author":1,"featured_media":65486,"comment_status":"closed","ping_status":"closed","sticky":false,"template":"","format":"standard","meta":{"footnotes":""},"categories":[83,80,85],"tags":[],"class_list":["post-65485","post","type-post","status-publish","format-standard","has-post-thumbnail","hentry","category-destacado","category-mundo","category-portada"],"_links":{"self":[{"href":"https:\/\/themexicopost.com\/index.php?rest_route=\/wp\/v2\/posts\/65485","targetHints":{"allow":["GET"]}}],"collection":[{"href":"https:\/\/themexicopost.com\/index.php?rest_route=\/wp\/v2\/posts"}],"about":[{"href":"https:\/\/themexicopost.com\/index.php?rest_route=\/wp\/v2\/types\/post"}],"author":[{"embeddable":true,"href":"https:\/\/themexicopost.com\/index.php?rest_route=\/wp\/v2\/users\/1"}],"replies":[{"embeddable":true,"href":"https:\/\/themexicopost.com\/index.php?rest_route=%2Fwp%2Fv2%2Fcomments&post=65485"}],"version-history":[{"count":1,"href":"https:\/\/themexicopost.com\/index.php?rest_route=\/wp\/v2\/posts\/65485\/revisions"}],"predecessor-version":[{"id":65487,"href":"https:\/\/themexicopost.com\/index.php?rest_route=\/wp\/v2\/posts\/65485\/revisions\/65487"}],"wp:featuredmedia":[{"embeddable":true,"href":"https:\/\/themexicopost.com\/index.php?rest_route=\/wp\/v2\/media\/65486"}],"wp:attachment":[{"href":"https:\/\/themexicopost.com\/index.php?rest_route=%2Fwp%2Fv2%2Fmedia&parent=65485"}],"wp:term":[{"taxonomy":"category","embeddable":true,"href":"https:\/\/themexicopost.com\/index.php?rest_route=%2Fwp%2Fv2%2Fcategories&post=65485"},{"taxonomy":"post_tag","embeddable":true,"href":"https:\/\/themexicopost.com\/index.php?rest_route=%2Fwp%2Fv2%2Ftags&post=65485"}],"curies":[{"name":"wp","href":"https:\/\/api.w.org\/{rel}","templated":true}]}}