{"id":65663,"date":"2025-08-15T08:50:12","date_gmt":"2025-08-15T14:50:12","guid":{"rendered":"https:\/\/themexicopost.com\/?p=65663"},"modified":"2025-08-15T08:50:17","modified_gmt":"2025-08-15T14:50:17","slug":"el-salvador-realizara-600-juicios-grupales-contra-pandilleros","status":"publish","type":"post","link":"https:\/\/themexicopost.com\/?p=65663","title":{"rendered":"El Salvador realizar\u00e1 600 juicios grupales contra pandilleros"},"content":{"rendered":"\n<figure class=\"wp-block-pullquote\"><blockquote><p>Aunque se necesitan algunas reformas para poder llevar ante la ley para realizar este tipo de juicios.<\/p><\/blockquote><\/figure>\n\n\n\n<p class=\"has-drop-cap\">El fiscal general de El Salvador dijo que se prev\u00e9 la realizaci\u00f3n de unos 600 juicios colectivos para procesar a miles de presuntos pandilleros detenidos bajo el r\u00e9gimen de excepci\u00f3n vigente en el pa\u00eds desde marzo de 2022.<br><\/p>\n\n\n\n<p>El gobierno del presidente Nayib Bukele combate a las pandillas mediante este r\u00e9gimen que permite arrestos sin orden judicial y bajo el cual ha encarcelado a decenas de miles de sospechosos de pertenecer a estas temidas bandas.<br><\/p>\n\n\n\n<p>&#8220;Un aproximado de 300 fiscales van a ser los encargados de exponer las pruebas ante los tribunales competentes de los aproximadamente 600 juicios colectivos que se deben iniciar&#8221;, dijo el fiscal general, Rodolfo Delgado, ante una comisi\u00f3n del Congreso.<br><\/p>\n\n\n\n<p>Explic\u00f3 que para estos procesos colectivos los inculpados ser\u00e1n agrupados por la pandilla a la que pertenec\u00edan, el lugar donde operaban o su vinculaci\u00f3n con los delitos investigados.<br><\/p>\n\n\n\n<p>El fiscal reconoci\u00f3 que los juicios colectivos tomar\u00e1n tiempo, por la cantidad de involucrados en cada uno. &#8220;Tiene que pasar un tiempo bastante considerable para que un juez resuelva&#8221;, expres\u00f3.<br><\/p>\n\n\n\n<p>Delgado no dio detalles sobre la fecha de inicio de estos juicios colectivos, ni de los delitos imputables a los reos.<br><\/p>\n\n\n\n<p>En El Salvador, la megac\u00e1rcel Centro de Confinamiento del Terrorismo (Cecot) alberga unos 15.000 reclusos acusados de pertenecer a las violentas pandillas Mara Salvatrucha (MS-13) y Barrio 18.<br><\/p>\n\n\n\n<p>El fiscal general comparec\u00eda ante la Comisi\u00f3n de Seguridad Nacional y Justicia del parlamento para dar su opini\u00f3n sobre unas reformas a la ley contra el crimen organizado.<br><\/p>\n\n\n\n<p>Los diputados de la comisi\u00f3n dieron su dictamen favorable a las reformas, entre ellas dar a la Fiscal\u00eda dos a\u00f1os adicionales de plazo, con la posibilidad de un tercero, para presentar las acusaciones contra los presuntos pandilleros.<br><\/p>\n\n\n\n<p>Se da por descontado que la reforma ser\u00e1 aprobada por el plenario del Congreso, af\u00edn a Bukele, d\u00edas antes de que expire la vigencia de un decreto que, en agosto de 2023, dio dos a\u00f1os de plazo a la Fiscal\u00eda para presentar estas acusaciones.<br><\/p>\n\n\n\n<p>Delgado aclar\u00f3 que la reforma est\u00e1 dise\u00f1ada para ser aplicada a miembros de pandillas u otras organizaciones criminales nativas o extranjeras, pero no para otros acusados.<br><\/p>\n\n\n\n<p>Para la abogada y defensora de derechos humanos Ingrid Escobar, en los juicios masivos &#8220;van a pagar justos por pecadores&#8221;.<br><\/p>\n\n\n\n<p>Desde marzo de 2022 han sido detenidos unos 88.000 presuntos pandilleros, aunque unos 8.000 han sido liberados bajo presunci\u00f3n de inocencia, seg\u00fan el presidente Bukele.<\/p>\n","protected":false},"excerpt":{"rendered":"<p>Aunque se necesitan algunas reformas para poder llevar ante la ley para realizar este tipo de juicios. El fiscal general de El Salvador dijo que se prev\u00e9 la realizaci\u00f3n de unos 600 juicios colectivos para procesar a miles de presuntos pandilleros detenidos bajo el r\u00e9gimen de excepci\u00f3n vigente en el pa\u00eds desde marzo de 2022. [&hellip;]<\/p>\n","protected":false},"author":1,"featured_media":65664,"comment_status":"closed","ping_status":"closed","sticky":false,"template":"","format":"standard","meta":{"footnotes":""},"categories":[83,80,85],"tags":[],"class_list":["post-65663","post","type-post","status-publish","format-standard","has-post-thumbnail","hentry","category-destacado","category-mundo","category-portada"],"_links":{"self":[{"href":"https:\/\/themexicopost.com\/index.php?rest_route=\/wp\/v2\/posts\/65663","targetHints":{"allow":["GET"]}}],"collection":[{"href":"https:\/\/themexicopost.com\/index.php?rest_route=\/wp\/v2\/posts"}],"about":[{"href":"https:\/\/themexicopost.com\/index.php?rest_route=\/wp\/v2\/types\/post"}],"author":[{"embeddable":true,"href":"https:\/\/themexicopost.com\/index.php?rest_route=\/wp\/v2\/users\/1"}],"replies":[{"embeddable":true,"href":"https:\/\/themexicopost.com\/index.php?rest_route=%2Fwp%2Fv2%2Fcomments&post=65663"}],"version-history":[{"count":1,"href":"https:\/\/themexicopost.com\/index.php?rest_route=\/wp\/v2\/posts\/65663\/revisions"}],"predecessor-version":[{"id":65665,"href":"https:\/\/themexicopost.com\/index.php?rest_route=\/wp\/v2\/posts\/65663\/revisions\/65665"}],"wp:featuredmedia":[{"embeddable":true,"href":"https:\/\/themexicopost.com\/index.php?rest_route=\/wp\/v2\/media\/65664"}],"wp:attachment":[{"href":"https:\/\/themexicopost.com\/index.php?rest_route=%2Fwp%2Fv2%2Fmedia&parent=65663"}],"wp:term":[{"taxonomy":"category","embeddable":true,"href":"https:\/\/themexicopost.com\/index.php?rest_route=%2Fwp%2Fv2%2Fcategories&post=65663"},{"taxonomy":"post_tag","embeddable":true,"href":"https:\/\/themexicopost.com\/index.php?rest_route=%2Fwp%2Fv2%2Ftags&post=65663"}],"curies":[{"name":"wp","href":"https:\/\/api.w.org\/{rel}","templated":true}]}}