{"id":65840,"date":"2025-08-19T08:21:27","date_gmt":"2025-08-19T14:21:27","guid":{"rendered":"https:\/\/themexicopost.com\/?p=65840"},"modified":"2025-08-19T08:21:35","modified_gmt":"2025-08-19T14:21:35","slug":"desplegara-maduro-movilizacion-de-4-5-millones-de-milicianos","status":"publish","type":"post","link":"https:\/\/themexicopost.com\/?p=65840","title":{"rendered":"Desplegar\u00e1 Maduro movilizaci\u00f3n de 4.5 millones de milicianos"},"content":{"rendered":"\n<figure class=\"wp-block-pullquote\"><blockquote><p>-Este anuncio coincide con la operaci\u00f3n militar de Estados Unidos en el Caribe.<\/p><\/blockquote><\/figure>\n\n\n\n<p class=\"has-drop-cap\">El gobernante de Venezuela, Nicol\u00e1s Maduro, anunci\u00f3 el despliegue de 4,5 millones de milicianos en respuesta a las amenazas de Estados Unidos que elev\u00f3 la recompensa por informaci\u00f3n que conduzca a su captura y lanz\u00f3 una operaci\u00f3n antinarc\u00f3ticos con militares en el Caribe.<br><\/p>\n\n\n\n<p>Las declaraciones se producen luego que la administraci\u00f3n del presidente Donald Trump aumentara a 50 millones la recompensa por informaci\u00f3n que conduzca al arresto de Maduro, acusado por la justicia de Estados Unidos de supuestos v\u00ednculos con el narcotr\u00e1fico.<br><\/p>\n\n\n\n<p>Maduro afirm\u00f3 que esta semana activar\u00e1 un plan especial para garantizar la cobertura con m\u00e1s de 4.5 millones de milicianos de todo el territorio nacional, milicias preparadas, activadas y armadas, dijo Maduro en un acto transmitido por la TV, al ordenar tareas contra la renovaci\u00f3n de las amenazas extravagantes, estramb\u00f3ticas y estrafalarias de Estados Unidos contra Venezuela.<br><\/p>\n\n\n\n<p>La Milicia, integrada por unos 5 millones de reservistas, fue creada por el expresidente Hugo Ch\u00e1vez. M\u00e1s tarde pas\u00f3 a ser parte de uno de los cinco componentes de la Fuerza Armada Nacional Bolivariana (FANB).<br><\/p>\n\n\n\n<p>Evit\u00f3 referirse abiertamente a la recompensa anunciada el 7 de agosto por la fiscal general de Estados Unidos, Pamela Bondi, y al despliegue militar en aguas del mar Caribe, Maduro agradeci\u00f3 las expresiones de apoyo ante lo que tach\u00f3 de refrito podrido de amenazas.<br><\/p>\n\n\n\n<p>&#8220;Los primeros que salieron adelante a manifestar su solidaridad y su apoyo con este presidente obrero que est\u00e1 aqu\u00ed son los militares de esta patria, salieron adelante con sus fusiles, con sus misiles, sus tanques, sus aviones, la Fuerza Armada Nacional Bolivariana, salieron a la vanguardia&#8221;, celebr\u00f3 Maduro.<br><\/p>\n\n\n\n<p>Maduro pidi\u00f3 a las bases pol\u00edticas de su gobierno avanzar en la conformaci\u00f3n de las milicias campesinas y obreras en todas las f\u00e1bricas.<br><\/p>\n\n\n\n<p>&#8220;\u00a1Fusiles y misiles para la fuerza campesina! Para defender el territorio, la soberan\u00eda y la paz de Venezuela&#8221;, dijo. &#8220;Misiles y fusiles para la clase obrera, para que defienda nuestra patria&#8221;, remarc\u00f3 Maduro.<\/p>\n","protected":false},"excerpt":{"rendered":"<p>-Este anuncio coincide con la operaci\u00f3n militar de Estados Unidos en el Caribe. El gobernante de Venezuela, Nicol\u00e1s Maduro, anunci\u00f3 el despliegue de 4,5 millones de milicianos en respuesta a las amenazas de Estados Unidos que elev\u00f3 la recompensa por informaci\u00f3n que conduzca a su captura y lanz\u00f3 una operaci\u00f3n antinarc\u00f3ticos con militares en el [&hellip;]<\/p>\n","protected":false},"author":1,"featured_media":65841,"comment_status":"closed","ping_status":"closed","sticky":false,"template":"","format":"standard","meta":{"footnotes":""},"categories":[83,80],"tags":[],"class_list":["post-65840","post","type-post","status-publish","format-standard","has-post-thumbnail","hentry","category-destacado","category-mundo"],"_links":{"self":[{"href":"https:\/\/themexicopost.com\/index.php?rest_route=\/wp\/v2\/posts\/65840","targetHints":{"allow":["GET"]}}],"collection":[{"href":"https:\/\/themexicopost.com\/index.php?rest_route=\/wp\/v2\/posts"}],"about":[{"href":"https:\/\/themexicopost.com\/index.php?rest_route=\/wp\/v2\/types\/post"}],"author":[{"embeddable":true,"href":"https:\/\/themexicopost.com\/index.php?rest_route=\/wp\/v2\/users\/1"}],"replies":[{"embeddable":true,"href":"https:\/\/themexicopost.com\/index.php?rest_route=%2Fwp%2Fv2%2Fcomments&post=65840"}],"version-history":[{"count":1,"href":"https:\/\/themexicopost.com\/index.php?rest_route=\/wp\/v2\/posts\/65840\/revisions"}],"predecessor-version":[{"id":65842,"href":"https:\/\/themexicopost.com\/index.php?rest_route=\/wp\/v2\/posts\/65840\/revisions\/65842"}],"wp:featuredmedia":[{"embeddable":true,"href":"https:\/\/themexicopost.com\/index.php?rest_route=\/wp\/v2\/media\/65841"}],"wp:attachment":[{"href":"https:\/\/themexicopost.com\/index.php?rest_route=%2Fwp%2Fv2%2Fmedia&parent=65840"}],"wp:term":[{"taxonomy":"category","embeddable":true,"href":"https:\/\/themexicopost.com\/index.php?rest_route=%2Fwp%2Fv2%2Fcategories&post=65840"},{"taxonomy":"post_tag","embeddable":true,"href":"https:\/\/themexicopost.com\/index.php?rest_route=%2Fwp%2Fv2%2Ftags&post=65840"}],"curies":[{"name":"wp","href":"https:\/\/api.w.org\/{rel}","templated":true}]}}