{"id":65920,"date":"2025-08-20T07:55:16","date_gmt":"2025-08-20T13:55:16","guid":{"rendered":"https:\/\/themexicopost.com\/?p=65920"},"modified":"2025-08-20T07:55:20","modified_gmt":"2025-08-20T13:55:20","slug":"logra-acuerdo-air-canada-con-el-sindicato-de-auxiliares-de-vuelo","status":"publish","type":"post","link":"https:\/\/themexicopost.com\/?p=65920","title":{"rendered":"Logra acuerdo Air Canada con el sindicato de auxiliares de vuelo"},"content":{"rendered":"\n<figure class=\"wp-block-pullquote\"><blockquote><p>Por fin se pondr\u00e1 fin a la huelga mientras las operaciones se reanudan gradualmente.<\/p><\/blockquote><\/figure>\n\n\n\n<p class=\"has-drop-cap\">Air Canada anunci\u00f3 que reanudar\u00e1 gradualmente sus operaciones tras alcanzar un acuerdo con el sindicato para que 10.000 auxiliares de vuelo pongan fin a una huelga que interrumpi\u00f3 los planes de viaje de cientos de miles de viajeros.<br><\/p>\n\n\n\n<p>El acuerdo se produjo despu\u00e9s de que la mayor aerol\u00ednea de Canad\u00e1 y el sindicato reanudaran las conversaciones por primera vez desde que comenz\u00f3 la huelga el fin de semana, afectando a unos 130.000 viajeros al d\u00eda en pleno auge de la temporada de viajes de verano. Air Canada indic\u00f3 que los vuelos se reanudar\u00e1n.<br><\/p>\n\n\n\n<p>Los auxiliares de vuelo abandonaron sus puestos la madrugada del s\u00e1bado tras rechazar la solicitud de la aerol\u00ednea de entrar en un arbitraje dirigido por el gobierno, que permite a un mediador externo decidir los t\u00e9rminos de un nuevo contrato.<br><\/p>\n\n\n\n<p>El sindicato afirm\u00f3 que el acuerdo garantizar\u00e1 a los miembros el pago por el trabajo realizado mientras los aviones est\u00e1n en tierra, resolviendo as\u00ed uno de los principales problemas que motivaron la huelga.<br><\/p>\n\n\n\n<p>\u201cEl trabajo no remunerado se acab\u00f3. Hemos recuperado nuestra voz y nuestro poder\u201d, declar\u00f3 el sindicato en un comunicado. \u201cCuando nos arrebataron nuestros derechos, nos mantuvimos firmes, luchamos y logramos un acuerdo provisional sobre el que nuestros miembros pueden votar\u201d.<br><\/p>\n\n\n\n<p>El director ejecutivo, Michael Rousseau, afirm\u00f3 que reiniciar una importante aerol\u00ednea es una tarea compleja y que el servicio regular podr\u00eda requerir de siete a diez d\u00edas. Algunos vuelos se cancelar\u00e1n hasta que se estabilice el horario.<br><\/p>\n\n\n\n<p>\u201cLa restauraci\u00f3n completa podr\u00eda requerir una semana o m\u00e1s, por lo que solicitamos paciencia y comprensi\u00f3n a nuestros clientes durante los pr\u00f3ximos d\u00edas\u201d, declar\u00f3 Rousseau en un comunicado.<br><\/p>\n\n\n\n<p>Ambas partes llegaron al acuerdo con la ayuda de un mediador. La aerol\u00ednea indic\u00f3 que las conversaciones de mediaci\u00f3n se iniciaron con el compromiso del sindicato de que los 10.000 auxiliares de vuelo de la aerol\u00ednea regresen inmediatamente al trabajo.<br><\/p>\n\n\n\n<p>Air Canada declin\u00f3 hacer m\u00e1s comentarios sobre el acuerdo hasta que se complete el proceso de ratificaci\u00f3n. Se\u00f1al\u00f3 que no es posible una huelga ni un cierre patronal durante este periodo.<br><\/p>\n\n\n\n<p>La aerol\u00ednea anunci\u00f3 que planea completar aproximadamente la mitad de los vuelos programados para el martes, con especial atenci\u00f3n a los vuelos internacionales. El aumento de vuelos comenzar\u00e1 el mi\u00e9rcoles por la ma\u00f1ana en las principales rutas de Norteam\u00e9rica.<br><\/p>\n\n\n\n<p>Anteriormente, Air Canada anunci\u00f3 que las cancelaciones continuas se extender\u00edan hasta la tarde del martes, despu\u00e9s de que el sindicato desafiara una segunda orden de reincorporaci\u00f3n al trabajo.<br><\/p>\n\n\n\n<p>La Junta de Relaciones Industriales de Canad\u00e1 declar\u00f3 ilegal la huelga y orden\u00f3 a los auxiliares de vuelo que regresaran a sus puestos. Sin embargo, el sindicato afirm\u00f3 que desafiar\u00eda la directiva. Los l\u00edderes sindicales tambi\u00e9n ignoraron una orden emitida el fin de semana para someterse a un arbitraje vinculante y poner fin a la huelga el domingo por la tarde.<br><\/p>\n\n\n\n<p>La junta es un tribunal administrativo independiente que interpreta y aplica la legislaci\u00f3n laboral canadiense. El gobierno orden\u00f3 a la junta su intervenci\u00f3n.<br><\/p>\n\n\n\n<p>Los l\u00edderes sindicales se opusieron al uso reiterado por parte del gobierno canadiense de una ley que limita el derecho de huelga de los trabajadores y los obliga a recurrir al arbitraje, una medida que el gobierno adopt\u00f3 en los \u00faltimos a\u00f1os con los trabajadores de puertos, ferrocarriles y otros sectores.<br><\/p>\n\n\n\n<p>El Aeropuerto Internacional Pearson de Toronto, el m\u00e1s grande de Canad\u00e1, anunci\u00f3 que desplegar\u00e1 personal adicional para asistir a los pasajeros y apoyar las operaciones de arranque.<br><\/p>\n\n\n\n<p>&#8220;Me alivia que Air Canada y el Sindicato Canadiense de Empleados P\u00fablicos hayan llegado a un acuerdo provisional esta ma\u00f1ana&#8221;, declar\u00f3 el primer ministro Mark Carney en un comunicado. &#8220;Espero que esto garantice una compensaci\u00f3n justa de los auxiliares de vuelo en todo momento, a la vez que ponga fin a las interrupciones para cientos de miles de familias, trabajadores y visitantes canadienses en Canad\u00e1&#8221;.<br><\/p>\n\n\n\n<p>Los pasajeros cuyos vuelos se vean afectados podr\u00e1n solicitar un reembolso completo en el sitio web o la aplicaci\u00f3n m\u00f3vil de la aerol\u00ednea, seg\u00fan Air Canada.<\/p>\n","protected":false},"excerpt":{"rendered":"<p>Por fin se pondr\u00e1 fin a la huelga mientras las operaciones se reanudan gradualmente. Air Canada anunci\u00f3 que reanudar\u00e1 gradualmente sus operaciones tras alcanzar un acuerdo con el sindicato para que 10.000 auxiliares de vuelo pongan fin a una huelga que interrumpi\u00f3 los planes de viaje de cientos de miles de viajeros. El acuerdo se [&hellip;]<\/p>\n","protected":false},"author":1,"featured_media":65921,"comment_status":"closed","ping_status":"closed","sticky":false,"template":"","format":"standard","meta":{"footnotes":""},"categories":[83,80],"tags":[],"class_list":["post-65920","post","type-post","status-publish","format-standard","has-post-thumbnail","hentry","category-destacado","category-mundo"],"_links":{"self":[{"href":"https:\/\/themexicopost.com\/index.php?rest_route=\/wp\/v2\/posts\/65920","targetHints":{"allow":["GET"]}}],"collection":[{"href":"https:\/\/themexicopost.com\/index.php?rest_route=\/wp\/v2\/posts"}],"about":[{"href":"https:\/\/themexicopost.com\/index.php?rest_route=\/wp\/v2\/types\/post"}],"author":[{"embeddable":true,"href":"https:\/\/themexicopost.com\/index.php?rest_route=\/wp\/v2\/users\/1"}],"replies":[{"embeddable":true,"href":"https:\/\/themexicopost.com\/index.php?rest_route=%2Fwp%2Fv2%2Fcomments&post=65920"}],"version-history":[{"count":1,"href":"https:\/\/themexicopost.com\/index.php?rest_route=\/wp\/v2\/posts\/65920\/revisions"}],"predecessor-version":[{"id":65922,"href":"https:\/\/themexicopost.com\/index.php?rest_route=\/wp\/v2\/posts\/65920\/revisions\/65922"}],"wp:featuredmedia":[{"embeddable":true,"href":"https:\/\/themexicopost.com\/index.php?rest_route=\/wp\/v2\/media\/65921"}],"wp:attachment":[{"href":"https:\/\/themexicopost.com\/index.php?rest_route=%2Fwp%2Fv2%2Fmedia&parent=65920"}],"wp:term":[{"taxonomy":"category","embeddable":true,"href":"https:\/\/themexicopost.com\/index.php?rest_route=%2Fwp%2Fv2%2Fcategories&post=65920"},{"taxonomy":"post_tag","embeddable":true,"href":"https:\/\/themexicopost.com\/index.php?rest_route=%2Fwp%2Fv2%2Ftags&post=65920"}],"curies":[{"name":"wp","href":"https:\/\/api.w.org\/{rel}","templated":true}]}}