{"id":66078,"date":"2025-08-22T07:30:25","date_gmt":"2025-08-22T13:30:25","guid":{"rendered":"https:\/\/themexicopost.com\/?p=66078"},"modified":"2025-08-22T07:30:30","modified_gmt":"2025-08-22T13:30:30","slug":"se-detuvieron-14-integrantes-del-cjng-por-acopio-y-trafico-de-armas-garcia-harfuch","status":"publish","type":"post","link":"https:\/\/themexicopost.com\/?p=66078","title":{"rendered":"Se detuvieron 14 integrantes del CJNG por acopio y tr\u00e1fico de armas: Garc\u00eda Harfuch"},"content":{"rendered":"\n<figure class=\"wp-block-pullquote\"><blockquote><p>Destac\u00f3 la detenci\u00f3n de H\u00e9ctor Agust\u00edn \u201cN\u201d, alias \u201cCachorro\u201d, identificado como l\u00edder de una c\u00e9lula delictiva.<\/p><\/blockquote><\/figure>\n\n\n\n<p class=\"has-drop-cap\">Omar Garc\u00eda Harfuch, titular de la Secretar\u00eda de Seguridad y Protecci\u00f3n Ciudadana (SSPC), confirm\u00f3 la detenci\u00f3n de 14 personas, de las cuales 10 cuentan con \u00f3rdenes de aprehensi\u00f3n por presuntos v\u00ednculos con delincuencia organizada por acopio y tr\u00e1fico de armas.<br><\/p>\n\n\n\n<p>Garc\u00eda Harfuch se\u00f1al\u00f3 que entre los detenidos se encuentra H\u00e9ctor Agust\u00edn \u201cN\u201d, alias \u201cCachorro\u201d, identificado como l\u00edder de una c\u00e9lula delictiva dedicada a la compra y venta de armas, as\u00ed como a proveer armamento a distintas facciones de dicho grupo criminal.<br><\/p>\n\n\n\n<p>Mediante X, Garc\u00eda Harfuch detall\u00f3 que las detenciones se realizaron en una operaci\u00f3n coordinada de elementos de la Secretar\u00eda de Marina, la SSPC y la Fiscal\u00eda General de la Rep\u00fablica (FGR) la cual consisti\u00f3 en 16 cateos en los estados de Jalisco, Nayarit y el Estado de M\u00e9xico.<br><\/p>\n\n\n\n<p>La SSPC report\u00f3 en un comunicado que durante los cateos tambi\u00e9n se aseguraron cuatro armas largas, 27 armas cortas, cuatro granadas, cajas con cartuchos \u00fatiles, cargadores, placas bal\u00edsticas, siete veh\u00edculos y una motocicleta.<br><\/p>\n\n\n\n<p>&#8220;Las personas detenidas junto con los materiales asegurados fueron puestos a disposici\u00f3n del agente del Ministerio P\u00fablico correspondientes, quien determinar\u00e1 su situaci\u00f3n legal&#8221;, detall\u00f3 la dependencia.<\/p>\n","protected":false},"excerpt":{"rendered":"<p>Destac\u00f3 la detenci\u00f3n de H\u00e9ctor Agust\u00edn \u201cN\u201d, alias \u201cCachorro\u201d, identificado como l\u00edder de una c\u00e9lula delictiva. Omar Garc\u00eda Harfuch, titular de la Secretar\u00eda de Seguridad y Protecci\u00f3n Ciudadana (SSPC), confirm\u00f3 la detenci\u00f3n de 14 personas, de las cuales 10 cuentan con \u00f3rdenes de aprehensi\u00f3n por presuntos v\u00ednculos con delincuencia organizada por acopio y tr\u00e1fico de [&hellip;]<\/p>\n","protected":false},"author":1,"featured_media":66079,"comment_status":"closed","ping_status":"closed","sticky":false,"template":"","format":"standard","meta":{"footnotes":""},"categories":[83,81],"tags":[],"class_list":["post-66078","post","type-post","status-publish","format-standard","has-post-thumbnail","hentry","category-destacado","category-nacional"],"_links":{"self":[{"href":"https:\/\/themexicopost.com\/index.php?rest_route=\/wp\/v2\/posts\/66078","targetHints":{"allow":["GET"]}}],"collection":[{"href":"https:\/\/themexicopost.com\/index.php?rest_route=\/wp\/v2\/posts"}],"about":[{"href":"https:\/\/themexicopost.com\/index.php?rest_route=\/wp\/v2\/types\/post"}],"author":[{"embeddable":true,"href":"https:\/\/themexicopost.com\/index.php?rest_route=\/wp\/v2\/users\/1"}],"replies":[{"embeddable":true,"href":"https:\/\/themexicopost.com\/index.php?rest_route=%2Fwp%2Fv2%2Fcomments&post=66078"}],"version-history":[{"count":1,"href":"https:\/\/themexicopost.com\/index.php?rest_route=\/wp\/v2\/posts\/66078\/revisions"}],"predecessor-version":[{"id":66080,"href":"https:\/\/themexicopost.com\/index.php?rest_route=\/wp\/v2\/posts\/66078\/revisions\/66080"}],"wp:featuredmedia":[{"embeddable":true,"href":"https:\/\/themexicopost.com\/index.php?rest_route=\/wp\/v2\/media\/66079"}],"wp:attachment":[{"href":"https:\/\/themexicopost.com\/index.php?rest_route=%2Fwp%2Fv2%2Fmedia&parent=66078"}],"wp:term":[{"taxonomy":"category","embeddable":true,"href":"https:\/\/themexicopost.com\/index.php?rest_route=%2Fwp%2Fv2%2Fcategories&post=66078"},{"taxonomy":"post_tag","embeddable":true,"href":"https:\/\/themexicopost.com\/index.php?rest_route=%2Fwp%2Fv2%2Ftags&post=66078"}],"curies":[{"name":"wp","href":"https:\/\/api.w.org\/{rel}","templated":true}]}}