{"id":66084,"date":"2025-08-22T07:35:45","date_gmt":"2025-08-22T13:35:45","guid":{"rendered":"https:\/\/themexicopost.com\/?p=66084"},"modified":"2025-08-22T07:35:48","modified_gmt":"2025-08-22T13:35:48","slug":"edomex-lidera-generacion-de-empleos-creandomas-de-138-mil-puestos-delfina-gomez","status":"publish","type":"post","link":"https:\/\/themexicopost.com\/?p=66084","title":{"rendered":"Edom\u00e9x lidera generaci\u00f3n de empleos, creandom\u00e1s de 138 mil puestos: Delfina G\u00f3mez"},"content":{"rendered":"\n<figure class=\"wp-block-pullquote\"><blockquote><p>-Atrae Estado de M\u00e9xico 140 mil 155 millones de pesos de inversi\u00f3n de septiembre de 2023 a julio de 2025.<\/p><\/blockquote><\/figure>\n\n\n\n<p class=\"has-drop-cap\">El Estado de M\u00e9xico es l\u00edder nacional en generaci\u00f3n de empleos con 138 mil 701 creados de septiembre de 2023 a junio de 2025, destac\u00f3 la Gobernadora Delfina G\u00f3mez \u00c1lvarez al inaugurar la extensi\u00f3n de la Plaza Comercial Galer\u00edas Metepec.<br><\/p>\n\n\n\n<p>\u201cEn tiendas departamentales se invirtieron m\u00e1s de 4 mil millones de pesos, lo cual posicion\u00f3 al Estado de M\u00e9xico como primer lugar nacional en n\u00famero de tiendas disponibles, con 328 que diariamente operan y generan empleo a miles de mexiquenses\u201d, indic\u00f3 la Gobernadora.<br><\/p>\n\n\n\n<p>La Mandataria se\u00f1al\u00f3 que la entidad alcanz\u00f3 una inversi\u00f3n de 140 mil 155 millones de pesos de septiembre de 2023 a julio de 2025.<br><\/p>\n\n\n\n<p>\u201cEste liderazgo no es casualidad, es resultado de muchas manos y de la confianza de inversionistas que ven en nuestra tierra un espacio seguro y con futuro\u201d, resalt\u00f3 la Maestra Delfina G\u00f3mez.<br><\/p>\n\n\n\n<p>Agreg\u00f3 que en el Estado de M\u00e9xico se prioriza el trabajo coordinado con el Gobierno de M\u00e9xico, municipios y empresarios para lograr un crecimiento sostenible y enfocado al bienestar del pueblo mexiquense.<br><\/p>\n\n\n\n<p>Galer\u00edas Metepec se ubica entre los cinco centros comerciales m\u00e1s grandes del pa\u00eds con una extensi\u00f3n de 964 metros cuadrados, 269 tiendas, restaurantes y \u00e1reas de juegos infantiles, y recibe en promedio 1.6 millones de visitantes mensuales.<br><\/p>\n\n\n\n<p>Laura Gonz\u00e1lez Hern\u00e1ndez, Secretaria de Desarrollo Econ\u00f3mico, inform\u00f3 que, de las casi 900 mil unidades econ\u00f3micas establecidas en la entidad, el 50% corresponde al sector comercio, el cual representa el 25% de la econom\u00eda estatal; sumado al sector servicios alcanza casi el 70%.<br><\/p>\n\n\n\n<p>Se\u00f1al\u00f3 que, para mantener datos positivos, desde el inicio de esta administraci\u00f3n se implement\u00f3 una estrategia de promoci\u00f3n a la inversi\u00f3n con certeza jur\u00eddica, protecci\u00f3n a la inversi\u00f3n, disponibilidad de servicios, vinculaci\u00f3n laboral y educativa, adem\u00e1s de est\u00edmulos fiscales y no fiscales.<br><\/p>\n\n\n\n<p>\u201cDesde peque\u00f1as empresas, productores y artesanos hasta grandes inversionistas, dirigimos acciones a todos ellos, protegiendo la inversi\u00f3n y velando por la generaci\u00f3n de empleo, fuente de ingresos y bienestar de las familias\u201d, afirm\u00f3 Laura Gonz\u00e1lez.<br><\/p>\n\n\n\n<p>A la inauguraci\u00f3n asistieron Norberto Morales Poblete, Secretario de Trabajo; Enrique G\u00fcijosa Hidalgo, Director General en El Puerto de Liverpool; Israel Ramos Dorantes, Director de Comercializaci\u00f3n Inmobiliaria en El Puerto de Liverpool; Jacobo Apichoto Palermo, Director Ejecutivo Jur\u00eddico y Cumplimiento en El Puerto de Liverpool; y Fernando Flores Fern\u00e1ndez, Presidente Municipal de Metepec.<\/p>\n","protected":false},"excerpt":{"rendered":"<p>-Atrae Estado de M\u00e9xico 140 mil 155 millones de pesos de inversi\u00f3n de septiembre de 2023 a julio de 2025. El Estado de M\u00e9xico es l\u00edder nacional en generaci\u00f3n de empleos con 138 mil 701 creados de septiembre de 2023 a junio de 2025, destac\u00f3 la Gobernadora Delfina G\u00f3mez \u00c1lvarez al inaugurar la extensi\u00f3n de [&hellip;]<\/p>\n","protected":false},"author":1,"featured_media":66085,"comment_status":"closed","ping_status":"closed","sticky":false,"template":"","format":"standard","meta":{"footnotes":""},"categories":[83,81],"tags":[],"class_list":["post-66084","post","type-post","status-publish","format-standard","has-post-thumbnail","hentry","category-destacado","category-nacional"],"_links":{"self":[{"href":"https:\/\/themexicopost.com\/index.php?rest_route=\/wp\/v2\/posts\/66084","targetHints":{"allow":["GET"]}}],"collection":[{"href":"https:\/\/themexicopost.com\/index.php?rest_route=\/wp\/v2\/posts"}],"about":[{"href":"https:\/\/themexicopost.com\/index.php?rest_route=\/wp\/v2\/types\/post"}],"author":[{"embeddable":true,"href":"https:\/\/themexicopost.com\/index.php?rest_route=\/wp\/v2\/users\/1"}],"replies":[{"embeddable":true,"href":"https:\/\/themexicopost.com\/index.php?rest_route=%2Fwp%2Fv2%2Fcomments&post=66084"}],"version-history":[{"count":1,"href":"https:\/\/themexicopost.com\/index.php?rest_route=\/wp\/v2\/posts\/66084\/revisions"}],"predecessor-version":[{"id":66086,"href":"https:\/\/themexicopost.com\/index.php?rest_route=\/wp\/v2\/posts\/66084\/revisions\/66086"}],"wp:featuredmedia":[{"embeddable":true,"href":"https:\/\/themexicopost.com\/index.php?rest_route=\/wp\/v2\/media\/66085"}],"wp:attachment":[{"href":"https:\/\/themexicopost.com\/index.php?rest_route=%2Fwp%2Fv2%2Fmedia&parent=66084"}],"wp:term":[{"taxonomy":"category","embeddable":true,"href":"https:\/\/themexicopost.com\/index.php?rest_route=%2Fwp%2Fv2%2Fcategories&post=66084"},{"taxonomy":"post_tag","embeddable":true,"href":"https:\/\/themexicopost.com\/index.php?rest_route=%2Fwp%2Fv2%2Ftags&post=66084"}],"curies":[{"name":"wp","href":"https:\/\/api.w.org\/{rel}","templated":true}]}}