{"id":66099,"date":"2025-08-22T07:42:03","date_gmt":"2025-08-22T13:42:03","guid":{"rendered":"https:\/\/themexicopost.com\/?p=66099"},"modified":"2025-08-22T07:42:07","modified_gmt":"2025-08-22T13:42:07","slug":"atentado-en-colombia-deja-decenas-de-heridos-y-14-personas-muertas","status":"publish","type":"post","link":"https:\/\/themexicopost.com\/?p=66099","title":{"rendered":"Atentado en Colombia deja decenas de heridos y 14 personas muertas"},"content":{"rendered":"\n<figure class=\"wp-block-pullquote\"><blockquote><p>Un cami\u00f3n cargado con explosivos estall\u00f3 en una calle concurrida de Cali y en Antioquia se produjo un ataque con drones y fusiles contra la Polic\u00eda<\/p><\/blockquote><\/figure>\n\n\n\n<p class=\"has-drop-cap\">Una tarde de terror se vivi\u00f3 en las calles de Colombia, en donde un cami\u00f3n bomba, drones y fusiles marcaron esta sangrienta jornada con dos ataques que dejaron 18 muertos y decenas de heridos en la peor embestida de los grupos armados en la \u00faltima d\u00e9cada.<br><\/p>\n\n\n\n<p>Un cami\u00f3n cargado con explosivos estall\u00f3 en una calle concurrida de Cali, la tercera ciudad m\u00e1s poblada del pa\u00eds. El ataque fue contra una escuela militar de aviaci\u00f3n dej\u00f3 seis muertos y m\u00e1s de 60 heridos, informaron la Defensor\u00eda del Pueblo. La alcald\u00eda orden\u00f3 la militarizaci\u00f3n de la ciudad.<br><\/p>\n\n\n\n<p>Se pudo observar en im\u00e1genes difundidas en redes sociales los veh\u00edculos en llamas, viviendas destruidas, personas heridas en el piso y gente que huye despavorida en medio del ruido de alarmas y gritos.<br><\/p>\n\n\n\n<p>Pedro S\u00e1nchez, ministro de Defensa, responsabiliz\u00f3 del atentado a la mayor disidencia de las FARC conocida como Estado Mayor Central (EMC) al mando de alias Iv\u00e1n Mordisco.<br><\/p>\n\n\n\n<p>Pero mucho antes, en el noroeste del pa\u00eds, otra facci\u00f3n rebelde al mando de alias Calarc\u00e1 arremeti\u00f3 contra un escuadr\u00f3n de la polic\u00eda que trabajaba en una misi\u00f3n de erradicaci\u00f3n de narcocultivos.<br><\/p>\n\n\n\n<p>Armados con fusiles y un dron, derribaron un helic\u00f3ptero y se enfrentaron a los uniformados en un ataque que dej\u00f3 12 polic\u00edas muertos.<br><\/p>\n\n\n\n<p>Esta violencia se recrudece en el pa\u00eds a un a\u00f1o de las elecciones presidenciales. El 11 de agosto falleci\u00f3 el candidato favorito de la derecha, Miguel Uribe Turbay, tras sufrir un atentado en el que recibi\u00f3 dos disparos en la cabeza.<br><\/p>\n\n\n\n<p>El balance de v\u00edctimas de la jornada aumenta con el paso de las horas. Las dos disidencias implicadas, enfrentadas entre s\u00ed, rechazaron el acuerdo de paz firmado en 2016 con el grueso de las FARC.<br><\/p>\n\n\n\n<figure class=\"wp-block-image size-large\"><img fetchpriority=\"high\" decoding=\"async\" width=\"1024\" height=\"684\" src=\"https:\/\/themexicopost.com\/wp-content\/uploads\/2025\/08\/atentado-1024x684.jpg\" alt=\"\" class=\"wp-image-66101\" srcset=\"https:\/\/themexicopost.com\/wp-content\/uploads\/2025\/08\/atentado-1024x684.jpg 1024w, https:\/\/themexicopost.com\/wp-content\/uploads\/2025\/08\/atentado-300x201.jpg 300w, https:\/\/themexicopost.com\/wp-content\/uploads\/2025\/08\/atentado-768x513.jpg 768w, https:\/\/themexicopost.com\/wp-content\/uploads\/2025\/08\/atentado.jpg 1200w\" sizes=\"(max-width: 1024px) 100vw, 1024px\" \/><\/figure>\n\n\n\n<p>La ciudad de 2,2 millones de habitantes, la m\u00e1s importante de la regi\u00f3n del Pac\u00edfico, sufre una arremetida de guerrillas y grupos narcotraficantes que se disputan el rentable negocio de la coca\u00edna que env\u00edan a Estados Unidos y Europa.<br><\/p>\n\n\n\n<p>El gobierno del izquierdista Gustavo Petro intent\u00f3 negociar con el EMC, pero alias Mordisco abandon\u00f3 la mesa en 2024. Otro bando liderado por alias Calarc\u00e1 se mantiene en las conversaciones aunque sin avances concretos.<br><\/p>\n\n\n\n<p>A comienzos de julio hubo m\u00faltiples ataques con explosivos y drones en Cali y sus alrededores, en una jornada que dej\u00f3 siete muertos y sembr\u00f3 terror entre sus pobladores.<br><\/p>\n\n\n\n<p>El acuerdo de paz de 2016 trajo un periodo de tranquilidad, pero expertos acusan al Estado de no haber llegado a los territorios donde operaban los rebeldes de las FARC, lo que facilit\u00f3 la consolidaci\u00f3n de otros grupos armados.<br><\/p>\n\n\n\n<p>Petro pidi\u00f3 en la red X &#8220;al Estado colombiano y al mundo&#8221; declarar como organizaciones terroristas a las dos disidencias implicadas en los ataques, as\u00ed como al Clan del Golfo, el mayor cartel productor de coca\u00edna.<br><\/p>\n\n\n\n<p>Desde que lleg\u00f3 al poder en 2022, el primer mandatario de izquierda en la historia del pa\u00eds intenta negociar con todos los grupos armados, pero la mayor\u00eda de los procesos est\u00e1n en un punto muerto.<br><\/p>\n\n\n\n<p>El ataque con drones y fusiles contra la polic\u00eda ocurri\u00f3 en el departamento de Antioquia, en medio de operaciones antinarc\u00f3ticos en el pa\u00eds que m\u00e1s produce coca\u00edna del mundo.<br><\/p>\n\n\n\n<p>Im\u00e1genes publicadas en redes sociales muestran al helic\u00f3ptero sobrevolando la zona y luego un estruendo seguido de la ca\u00edda de la aeronave. En otras im\u00e1genes se ve una humareda negra saliendo de la monta\u00f1a. El uso de drones cargados con explosivos es cada vez m\u00e1s com\u00fan en el conflicto armado en Colombia.<br><\/p>\n\n\n\n<p>De acuerdo a lo informado con el Comit\u00e9 Internacional de la Cruz Roja, las v\u00edctimas civiles de artefactos explosivos se duplicaron en los primeros meses de 2025 impulsadas por el uso intensivo de drones.<\/p>\n\n\n\n<figure class=\"wp-block-image size-large\"><img decoding=\"async\" width=\"1024\" height=\"684\" src=\"https:\/\/themexicopost.com\/wp-content\/uploads\/2025\/08\/atentado-3-1024x684.jpg\" alt=\"\" class=\"wp-image-66102\" srcset=\"https:\/\/themexicopost.com\/wp-content\/uploads\/2025\/08\/atentado-3-1024x684.jpg 1024w, https:\/\/themexicopost.com\/wp-content\/uploads\/2025\/08\/atentado-3-300x201.jpg 300w, https:\/\/themexicopost.com\/wp-content\/uploads\/2025\/08\/atentado-3-768x513.jpg 768w, https:\/\/themexicopost.com\/wp-content\/uploads\/2025\/08\/atentado-3.jpg 1200w\" sizes=\"(max-width: 1024px) 100vw, 1024px\" \/><\/figure>\n","protected":false},"excerpt":{"rendered":"<p>Un cami\u00f3n cargado con explosivos estall\u00f3 en una calle concurrida de Cali y en Antioquia se produjo un ataque con drones y fusiles contra la Polic\u00eda Una tarde de terror se vivi\u00f3 en las calles de Colombia, en donde un cami\u00f3n bomba, drones y fusiles marcaron esta sangrienta jornada con dos ataques que dejaron 18 [&hellip;]<\/p>\n","protected":false},"author":1,"featured_media":66100,"comment_status":"closed","ping_status":"closed","sticky":false,"template":"","format":"standard","meta":{"footnotes":""},"categories":[83,80],"tags":[],"class_list":["post-66099","post","type-post","status-publish","format-standard","has-post-thumbnail","hentry","category-destacado","category-mundo"],"_links":{"self":[{"href":"https:\/\/themexicopost.com\/index.php?rest_route=\/wp\/v2\/posts\/66099","targetHints":{"allow":["GET"]}}],"collection":[{"href":"https:\/\/themexicopost.com\/index.php?rest_route=\/wp\/v2\/posts"}],"about":[{"href":"https:\/\/themexicopost.com\/index.php?rest_route=\/wp\/v2\/types\/post"}],"author":[{"embeddable":true,"href":"https:\/\/themexicopost.com\/index.php?rest_route=\/wp\/v2\/users\/1"}],"replies":[{"embeddable":true,"href":"https:\/\/themexicopost.com\/index.php?rest_route=%2Fwp%2Fv2%2Fcomments&post=66099"}],"version-history":[{"count":1,"href":"https:\/\/themexicopost.com\/index.php?rest_route=\/wp\/v2\/posts\/66099\/revisions"}],"predecessor-version":[{"id":66103,"href":"https:\/\/themexicopost.com\/index.php?rest_route=\/wp\/v2\/posts\/66099\/revisions\/66103"}],"wp:featuredmedia":[{"embeddable":true,"href":"https:\/\/themexicopost.com\/index.php?rest_route=\/wp\/v2\/media\/66100"}],"wp:attachment":[{"href":"https:\/\/themexicopost.com\/index.php?rest_route=%2Fwp%2Fv2%2Fmedia&parent=66099"}],"wp:term":[{"taxonomy":"category","embeddable":true,"href":"https:\/\/themexicopost.com\/index.php?rest_route=%2Fwp%2Fv2%2Fcategories&post=66099"},{"taxonomy":"post_tag","embeddable":true,"href":"https:\/\/themexicopost.com\/index.php?rest_route=%2Fwp%2Fv2%2Ftags&post=66099"}],"curies":[{"name":"wp","href":"https:\/\/api.w.org\/{rel}","templated":true}]}}