{"id":66107,"date":"2025-08-22T07:44:18","date_gmt":"2025-08-22T13:44:18","guid":{"rendered":"https:\/\/themexicopost.com\/?p=66107"},"modified":"2025-08-22T07:44:20","modified_gmt":"2025-08-22T13:44:20","slug":"escuelas-en-puerto-rico-en-grave-situacion-por-futuras-olas-de-calor","status":"publish","type":"post","link":"https:\/\/themexicopost.com\/?p=66107","title":{"rendered":"Escuelas en Puerto Rico en grave situaci\u00f3n por futuras olas de calor"},"content":{"rendered":"\n<figure class=\"wp-block-pullquote\"><blockquote><p>Afirman que no cuentan con la infraestructura adecuada para afrontar olas de calor cada vez m\u00e1s intensas<\/p><\/blockquote><\/figure>\n\n\n\n<p class=\"has-drop-cap\">Cuando las temperaturas suben vertiginosamente en las escuelas p\u00fablicas de la peque\u00f1a isla puertorrique\u00f1a de Culebra, los estudiantes se dispersan en busca de alivio.<br><\/p>\n\n\n\n<p>Los estudiantes y maestros a menudo sufren enfermedades relacionadas con el calor en las escuelas de Puerto Rico, uno de los muchos lugares donde el calor extremo est\u00e1 interrumpiendo la educaci\u00f3n de los ni\u00f1os con mayor frecuencia.<br><\/p>\n\n\n\n<p>Puerto Rico ha desarrollado directrices para trasladar a los estudiantes a lugares con ventilaci\u00f3n y aire acondicionado durante el calor extremo, pero en la pr\u00e1ctica, las opciones suelen ser limitadas.<br><\/p>\n\n\n\n<p>El territorio estadounidense en el Caribe ha avanzado lentamente en la reconstrucci\u00f3n de la infraestructura escolar da\u00f1ada por el hurac\u00e1n Mar\u00eda en 2017 y los terremotos de 2020.<\/p>\n","protected":false},"excerpt":{"rendered":"<p>Afirman que no cuentan con la infraestructura adecuada para afrontar olas de calor cada vez m\u00e1s intensas Cuando las temperaturas suben vertiginosamente en las escuelas p\u00fablicas de la peque\u00f1a isla puertorrique\u00f1a de Culebra, los estudiantes se dispersan en busca de alivio. Los estudiantes y maestros a menudo sufren enfermedades relacionadas con el calor en las [&hellip;]<\/p>\n","protected":false},"author":1,"featured_media":66108,"comment_status":"closed","ping_status":"closed","sticky":false,"template":"","format":"standard","meta":{"footnotes":""},"categories":[80],"tags":[],"class_list":["post-66107","post","type-post","status-publish","format-standard","has-post-thumbnail","hentry","category-mundo"],"_links":{"self":[{"href":"https:\/\/themexicopost.com\/index.php?rest_route=\/wp\/v2\/posts\/66107","targetHints":{"allow":["GET"]}}],"collection":[{"href":"https:\/\/themexicopost.com\/index.php?rest_route=\/wp\/v2\/posts"}],"about":[{"href":"https:\/\/themexicopost.com\/index.php?rest_route=\/wp\/v2\/types\/post"}],"author":[{"embeddable":true,"href":"https:\/\/themexicopost.com\/index.php?rest_route=\/wp\/v2\/users\/1"}],"replies":[{"embeddable":true,"href":"https:\/\/themexicopost.com\/index.php?rest_route=%2Fwp%2Fv2%2Fcomments&post=66107"}],"version-history":[{"count":1,"href":"https:\/\/themexicopost.com\/index.php?rest_route=\/wp\/v2\/posts\/66107\/revisions"}],"predecessor-version":[{"id":66109,"href":"https:\/\/themexicopost.com\/index.php?rest_route=\/wp\/v2\/posts\/66107\/revisions\/66109"}],"wp:featuredmedia":[{"embeddable":true,"href":"https:\/\/themexicopost.com\/index.php?rest_route=\/wp\/v2\/media\/66108"}],"wp:attachment":[{"href":"https:\/\/themexicopost.com\/index.php?rest_route=%2Fwp%2Fv2%2Fmedia&parent=66107"}],"wp:term":[{"taxonomy":"category","embeddable":true,"href":"https:\/\/themexicopost.com\/index.php?rest_route=%2Fwp%2Fv2%2Fcategories&post=66107"},{"taxonomy":"post_tag","embeddable":true,"href":"https:\/\/themexicopost.com\/index.php?rest_route=%2Fwp%2Fv2%2Ftags&post=66107"}],"curies":[{"name":"wp","href":"https:\/\/api.w.org\/{rel}","templated":true}]}}