{"id":66116,"date":"2025-08-22T07:47:13","date_gmt":"2025-08-22T13:47:13","guid":{"rendered":"https:\/\/themexicopost.com\/?p=66116"},"modified":"2025-08-22T07:47:17","modified_gmt":"2025-08-22T13:47:17","slug":"libano-podria-ser-el-primer-pais-que-visite-el-papa-leon-xiv","status":"publish","type":"post","link":"https:\/\/themexicopost.com\/?p=66116","title":{"rendered":"L\u00edbano podr\u00eda ser el primer pa\u00eds que visite el Papa Le\u00f3n XIV"},"content":{"rendered":"\n<figure class=\"wp-block-pullquote\"><blockquote><p>El Vaticano teme que la inestabilidad del pa\u00eds haya sido particularmente peligrosa para la presencia continua de su comunidad cristiana, un baluarte para la Iglesia en Oriente Medio.<\/p><\/blockquote><\/figure>\n\n\n\n<p class=\"has-drop-cap\">El Papa Le\u00f3n XIV planea visitar el L\u00edbano este a\u00f1o en su primera visita al extranjero, seg\u00fan declar\u00f3 el cardenal cat\u00f3lico del pa\u00eds. Este viaje le brindar\u00eda al primer papa estadounidense de la historia la oportunidad de hablar en t\u00e9rminos generales sobre la paz en Oriente Medio y la dif\u00edcil situaci\u00f3n de los cristianos all\u00ed.<br><\/p>\n\n\n\n<p>Una visita al L\u00edbano podr\u00eda ser la segunda escala de una visita planeada a Turqu\u00eda a finales de noviembre para conmemorar un importante aniversario con la Iglesia Ortodoxa.<br><\/p>\n\n\n\n<p>El cardenal B\u00e9chara Boutros Ra\u00ef, patriarca de los fieles maronitas libaneses, declar\u00f3 al canal de televisi\u00f3n saud\u00ed Al-Arabiya que Le\u00f3n XIV &#8220;visitar\u00e1 el L\u00edbano&#8221;.<br><\/p>\n\n\n\n<p>&#8220;Para ser honestos, no est\u00e1 claro cu\u00e1ndo visitar\u00e1 el L\u00edbano, pero lo har\u00e1 en cualquier momento desde ahora hasta diciembre&#8221;, respondi\u00f3 el cardenal al ser preguntado sobre una posible visita.<br><\/p>\n\n\n\n<p>&#8220;Es necesario que el Vaticano acuerde la fecha de la visita. Aunque se est\u00e1n realizando preparativos para la visita, no se sabe con certeza hasta el anuncio del Vaticano&#8221;. Le\u00f3n, al igual que su predecesor, el papa Francisco, ha hecho constantes llamamientos a la paz y al di\u00e1logo en Oriente Medio, especialmente ante la continua ofensiva israel\u00ed en Gaza.<br><\/p>\n\n\n\n<p>El \u00faltimo papa que visit\u00f3 el L\u00edbano fue Benedicto XVI en septiembre de 2012, en lo que fue su \u00faltimo viaje al extranjero durante su papado.<br><\/p>\n\n\n\n<p>Un portavoz del Vaticano se neg\u00f3 a confirmar o desmentir el viaje de Le\u00f3n. Sin embargo, los rumores sobre viajes papales suelen provenir de la iglesia local que acoger\u00e1 al papa.<br><\/p>\n\n\n\n<p>Esta naci\u00f3n mediterr\u00e1nea, de unos 6 millones de habitantes, incluyendo m\u00e1s de un mill\u00f3n de refugiados sirios y palestinos, tiene el mayor porcentaje de cristianos de Oriente Medio y es el \u00fanico pa\u00eds \u00e1rabe con un jefe de Estado cristiano.<br><\/p>\n\n\n\n<p>El Vaticano teme que la inestabilidad del pa\u00eds haya sido particularmente peligrosa para la presencia continua de su comunidad cristiana, un baluarte para la Iglesia en Oriente Medio.<br><\/p>\n\n\n\n<p>El L\u00edbano lucha actualmente por recuperarse tras a\u00f1os de crisis econ\u00f3mica y una cruenta guerra entre Israel y el grupo militante liban\u00e9s Hezbol\u00e1, que culmin\u00f3 con un alto el fuego mediado por Estados Unidos y Francia en noviembre.<br><\/p>\n\n\n\n<p>La formaci\u00f3n de un nuevo gobierno reformista en noviembre puso fin a un vac\u00edo pol\u00edtico de dos a\u00f1os y gener\u00f3 esperanzas de recuperaci\u00f3n, pero la situaci\u00f3n sigue siendo tensa.<br><\/p>\n\n\n\n<p>Se espera que Le\u00f3n viaje a Turqu\u00eda a finales de noviembre para conmemorar el 1700 aniversario del Concilio de Nicea, el primer concilio ecum\u00e9nico del cristianismo. Era un viaje que Francisco ten\u00eda previsto realizar en mayo.<br><\/p>\n\n\n\n<p>El Vaticano no ha confirmado el viaje a Turqu\u00eda, pero el Patriarca Ecum\u00e9nico Bartolom\u00e9, l\u00edder espiritual de los cristianos ortodoxos del mundo con sede en Estambul y anfitri\u00f3n de la conmemoraci\u00f3n del aniversario, ha declarado que Le\u00f3n le ha expresado su deseo de ir.<\/p>\n","protected":false},"excerpt":{"rendered":"<p>El Vaticano teme que la inestabilidad del pa\u00eds haya sido particularmente peligrosa para la presencia continua de su comunidad cristiana, un baluarte para la Iglesia en Oriente Medio. El Papa Le\u00f3n XIV planea visitar el L\u00edbano este a\u00f1o en su primera visita al extranjero, seg\u00fan declar\u00f3 el cardenal cat\u00f3lico del pa\u00eds. Este viaje le brindar\u00eda [&hellip;]<\/p>\n","protected":false},"author":1,"featured_media":66117,"comment_status":"closed","ping_status":"closed","sticky":false,"template":"","format":"standard","meta":{"footnotes":""},"categories":[83,80],"tags":[],"class_list":["post-66116","post","type-post","status-publish","format-standard","has-post-thumbnail","hentry","category-destacado","category-mundo"],"_links":{"self":[{"href":"https:\/\/themexicopost.com\/index.php?rest_route=\/wp\/v2\/posts\/66116","targetHints":{"allow":["GET"]}}],"collection":[{"href":"https:\/\/themexicopost.com\/index.php?rest_route=\/wp\/v2\/posts"}],"about":[{"href":"https:\/\/themexicopost.com\/index.php?rest_route=\/wp\/v2\/types\/post"}],"author":[{"embeddable":true,"href":"https:\/\/themexicopost.com\/index.php?rest_route=\/wp\/v2\/users\/1"}],"replies":[{"embeddable":true,"href":"https:\/\/themexicopost.com\/index.php?rest_route=%2Fwp%2Fv2%2Fcomments&post=66116"}],"version-history":[{"count":1,"href":"https:\/\/themexicopost.com\/index.php?rest_route=\/wp\/v2\/posts\/66116\/revisions"}],"predecessor-version":[{"id":66118,"href":"https:\/\/themexicopost.com\/index.php?rest_route=\/wp\/v2\/posts\/66116\/revisions\/66118"}],"wp:featuredmedia":[{"embeddable":true,"href":"https:\/\/themexicopost.com\/index.php?rest_route=\/wp\/v2\/media\/66117"}],"wp:attachment":[{"href":"https:\/\/themexicopost.com\/index.php?rest_route=%2Fwp%2Fv2%2Fmedia&parent=66116"}],"wp:term":[{"taxonomy":"category","embeddable":true,"href":"https:\/\/themexicopost.com\/index.php?rest_route=%2Fwp%2Fv2%2Fcategories&post=66116"},{"taxonomy":"post_tag","embeddable":true,"href":"https:\/\/themexicopost.com\/index.php?rest_route=%2Fwp%2Fv2%2Ftags&post=66116"}],"curies":[{"name":"wp","href":"https:\/\/api.w.org\/{rel}","templated":true}]}}