{"id":66119,"date":"2025-08-22T07:50:52","date_gmt":"2025-08-22T13:50:52","guid":{"rendered":"https:\/\/themexicopost.com\/?p=66119"},"modified":"2025-08-22T07:50:53","modified_gmt":"2025-08-22T13:50:53","slug":"pobreza-cifras-menos-malas-realidad-igual-de-cruda","status":"publish","type":"post","link":"https:\/\/themexicopost.com\/?p=66119","title":{"rendered":"POBREZA: CIFRAS MENOS MALAS, REALIDAD IGUAL DE CRUDA"},"content":{"rendered":"\n<figure class=\"wp-block-pullquote\"><blockquote><p><strong>Por: Eduardo L\u00f3pez Ch\u00e1vez<\/strong><br>Cuando todo se maquilla, hasta la pobreza parece bienestar\u2026 &#8211; Macraf<\/p><\/blockquote><\/figure>\n\n\n\n<p class=\"has-drop-cap\">El INEGI present\u00f3 recientemente los nuevos resultados de pobreza multidimensional en M\u00e9xico correspondientes al periodo 2022 a 2024. Las cifras, a primera vista, parecen alentadoras: se reporta que 8.3 millones de personas dejaron de estar en situaci\u00f3n de pobreza multidimensional, lo que implica una reducci\u00f3n de 46.8 a 38.5 millones de personas a nivel nacional. El discurso oficial no tard\u00f3 en proclamar el dato como un logro hist\u00f3rico, prueba de la eficacia de los programas sociales. Pero como suele ocurrir, las cifras lucen\u2026 aunque no necesariamente significan lo que se dice.<br><\/p>\n\n\n\n<p>S\u00ed, hay una mejora a nivel agregado. Pero la pobreza sigue ah\u00ed, y se concentra exactamente en los lugares donde se prometi\u00f3 combatirla con m\u00e1s fuerza. Chiapas, Guerrero y Oaxaca lideran la lista con 66.5%, 60.6% y 58.4% de su poblaci\u00f3n en situaci\u00f3n de pobreza multidimensional, respectivamente. \u00bfNo eran estos los estados que recibieron atenci\u00f3n prioritaria, presupuestal y pol\u00edtica en los \u00faltimos a\u00f1os? La pregunta es inevitable: \u00bfrealmente se usaron los recursos para reducir la pobreza o solo para sostener una narrativa?<br><\/p>\n\n\n\n<p>En contraste, los estados con menor proporci\u00f3n de poblaci\u00f3n en situaci\u00f3n de pobreza \u2014Nuevo Le\u00f3n, Baja California y Baja California Sur\u2014 son, casualmente, aquellos que recibieron menos inversi\u00f3n federal directa. Y, sin embargo, presentan mejores resultados gracias a su dinamismo econ\u00f3mico: industria, turismo y comercio exterior. La lecci\u00f3n es simple: la pobreza se combate con crecimiento real, no con clientelismo fiscal.<br><\/p>\n\n\n\n<p>El informe tambi\u00e9n destaca ciertas mejoras en las carencias sociales: hubo reducciones en rezago educativo, acceso a salud, seguridad social, calidad de vivienda y alimentaci\u00f3n. Pero hay un dato que contradice el triunfalismo: la poblaci\u00f3n vulnerable por carencias sociales aument\u00f3, pasando de 29.5% en 2022 a 32.2% en 2024. Es decir, a pesar de las supuestas mejoras, m\u00e1s personas est\u00e1n en condici\u00f3n de vulnerabilidad. Porque tener acceso al sistema de salud no significa recibir atenci\u00f3n m\u00e9dica adecuada, ni tener medicamentos. Es una carencia que se reduce en el papel, pero no necesariamente en la vida real.<br><\/p>\n\n\n\n<p>La pobreza extrema tambi\u00e9n disminuy\u00f3, pasando de 9.1 a 7 millones de personas, una baja significativa en proporci\u00f3n, pero que sigue representando a una de cada veinte personas en M\u00e9xico. No hay nada que celebrar cuando millones siguen sin poder satisfacer lo m\u00e1s b\u00e1sico para subsistir.<br><\/p>\n\n\n\n<p>Lo m\u00e1s preocupante es que esta aparente mejor\u00eda no tiene un sustento estructural. Durante este mismo periodo, la deuda p\u00fablica pas\u00f3 de 10 a m\u00e1s de 20 billones de pesos. Nos endeudamos el doble. \u00bfY para qu\u00e9? Porque si los estados m\u00e1s pobres siguen siendo los m\u00e1s pobres, es evidente que ese dinero no se us\u00f3 para revertir desigualdades, sino para mantener un modelo de transferencias que no transforma, solo anestesia.<br><\/p>\n\n\n\n<p>El salario m\u00ednimo ha sido otra bandera celebrada. Pero durante el periodo de an\u00e1lisis, ni siquiera alcanzaba los 8 mil pesos mensuales. Y aunque hoy supere ese nivel, el ingreso apenas da para lo b\u00e1sico. La vulnerabilidad persiste. Subir el salario sirve de poco si los precios suben m\u00e1s y si el ingreso sigue sin alcanzar para lo esencial.<br><\/p>\n\n\n\n<p>As\u00ed que no, no hay un logro hist\u00f3rico que celebrar. Hay cifras que lucen mejor, s\u00ed, pero no reflejan cambios profundos. La pobreza sigue ah\u00ed, la desigualdad regional se mantiene y la dependencia hacia el Estado se profundiza.<br><\/p>\n\n\n\n<p>De esta forma, seguimos viviendo entre cifras que brillan\u2026 y bolsillos que no alcanzan.<\/p>\n","protected":false},"excerpt":{"rendered":"<p>Por: Eduardo L\u00f3pez Ch\u00e1vezCuando todo se maquilla, hasta la pobreza parece bienestar\u2026 &#8211; Macraf El INEGI present\u00f3 recientemente los nuevos resultados de pobreza multidimensional en M\u00e9xico correspondientes al periodo 2022 a 2024. Las cifras, a primera vista, parecen alentadoras: se reporta que 8.3 millones de personas dejaron de estar en situaci\u00f3n de pobreza multidimensional, lo [&hellip;]<\/p>\n","protected":false},"author":1,"featured_media":66120,"comment_status":"closed","ping_status":"closed","sticky":false,"template":"","format":"standard","meta":{"footnotes":""},"categories":[84],"tags":[],"class_list":["post-66119","post","type-post","status-publish","format-standard","has-post-thumbnail","hentry","category-editorial"],"_links":{"self":[{"href":"https:\/\/themexicopost.com\/index.php?rest_route=\/wp\/v2\/posts\/66119","targetHints":{"allow":["GET"]}}],"collection":[{"href":"https:\/\/themexicopost.com\/index.php?rest_route=\/wp\/v2\/posts"}],"about":[{"href":"https:\/\/themexicopost.com\/index.php?rest_route=\/wp\/v2\/types\/post"}],"author":[{"embeddable":true,"href":"https:\/\/themexicopost.com\/index.php?rest_route=\/wp\/v2\/users\/1"}],"replies":[{"embeddable":true,"href":"https:\/\/themexicopost.com\/index.php?rest_route=%2Fwp%2Fv2%2Fcomments&post=66119"}],"version-history":[{"count":1,"href":"https:\/\/themexicopost.com\/index.php?rest_route=\/wp\/v2\/posts\/66119\/revisions"}],"predecessor-version":[{"id":66121,"href":"https:\/\/themexicopost.com\/index.php?rest_route=\/wp\/v2\/posts\/66119\/revisions\/66121"}],"wp:featuredmedia":[{"embeddable":true,"href":"https:\/\/themexicopost.com\/index.php?rest_route=\/wp\/v2\/media\/66120"}],"wp:attachment":[{"href":"https:\/\/themexicopost.com\/index.php?rest_route=%2Fwp%2Fv2%2Fmedia&parent=66119"}],"wp:term":[{"taxonomy":"category","embeddable":true,"href":"https:\/\/themexicopost.com\/index.php?rest_route=%2Fwp%2Fv2%2Fcategories&post=66119"},{"taxonomy":"post_tag","embeddable":true,"href":"https:\/\/themexicopost.com\/index.php?rest_route=%2Fwp%2Fv2%2Ftags&post=66119"}],"curies":[{"name":"wp","href":"https:\/\/api.w.org\/{rel}","templated":true}]}}