{"id":66125,"date":"2025-08-22T07:52:29","date_gmt":"2025-08-22T13:52:29","guid":{"rendered":"https:\/\/themexicopost.com\/?p=66125"},"modified":"2025-08-22T07:52:33","modified_gmt":"2025-08-22T13:52:33","slug":"canada-en-alerta-aumentan-a-4500-los-casos-por-sarampion","status":"publish","type":"post","link":"https:\/\/themexicopost.com\/?p=66125","title":{"rendered":"Canad\u00e1 en alerta: aumentan a 4500 los casos por sarampi\u00f3n"},"content":{"rendered":"\n<figure class=\"wp-block-pullquote\"><blockquote><p>Datos de la Organizaci\u00f3n Mundial de la Salud (OMS) publicados muestran que este pa\u00eds representa aproximadamente la mitad de todos los casos de sarampi\u00f3n confirmados en la regi\u00f3n de las Am\u00e9ricas este a\u00f1o.<\/p><\/blockquote><\/figure>\n\n\n\n<p class=\"has-drop-cap\">El n\u00famero de casos de sarampi\u00f3n en Canad\u00e1 super\u00f3 los 4,500, y la provincia de Alberta, con unos cinco millones de habitantes, registr\u00f3 m\u00e1s casos este a\u00f1o que Estados Unidos, seg\u00fan cifras oficiales actualizadas este jueves.<br><\/p>\n\n\n\n<p>Datos de la Organizaci\u00f3n Mundial de la Salud (OMS) publicados en agosto muestran que Canad\u00e1 representa aproximadamente la mitad de todos los casos de sarampi\u00f3n confirmados en la regi\u00f3n de las Am\u00e9ricas este a\u00f1o.<br><\/p>\n\n\n\n<p>Canad\u00e1 erradic\u00f3 oficialmente el sarampi\u00f3n en 1998, pero el virus ha resurgido con fuerza, especialmente entre los miembros no vacunados de ciertas comunidades cristianas menonitas. La enfermedad es altamente contagiosa.<br><\/p>\n\n\n\n<p>La provincia de Ontario, la m\u00e1s populosa de Canad\u00e1, con unos 16 millones de habitantes, registr\u00f3 2,366 casos, seg\u00fan datos del gobierno federal actualizados esta semana. Ese informe sit\u00faa el n\u00famero nacional de casos en 4.638.<br><\/p>\n\n\n\n<p>El gobierno de Alberta, que publica sus cifras semanales, afirm\u00f3 haber registrado 1,790 casos, convirtiendo a la zona en la m\u00e1s afectada per c\u00e1pita.<br><\/p>\n\n\n\n<p>Estados Unidos, que enfrenta su peor epidemia de sarampi\u00f3n en 30 a\u00f1os, confirm\u00f3 1,375 casos, seg\u00fan informaron esta semana los Centros para el Control y la Prevenci\u00f3n de Enfermedades (CDC), la agencia nacional de salud p\u00fablica.<br><\/p>\n\n\n\n<p>La Organizaci\u00f3n Panamericana de la Salud, oficina regional de la OMS, indic\u00f3 este mes que el 71% de los casos confirmados se dieron en personas no vacunadas, y un 18% adicional en personas cuyo estado de vacunaci\u00f3n se desconoc\u00eda.<\/p>\n","protected":false},"excerpt":{"rendered":"<p>Datos de la Organizaci\u00f3n Mundial de la Salud (OMS) publicados muestran que este pa\u00eds representa aproximadamente la mitad de todos los casos de sarampi\u00f3n confirmados en la regi\u00f3n de las Am\u00e9ricas este a\u00f1o. El n\u00famero de casos de sarampi\u00f3n en Canad\u00e1 super\u00f3 los 4,500, y la provincia de Alberta, con unos cinco millones de habitantes, [&hellip;]<\/p>\n","protected":false},"author":1,"featured_media":66126,"comment_status":"closed","ping_status":"closed","sticky":false,"template":"","format":"standard","meta":{"footnotes":""},"categories":[83,80,85],"tags":[],"class_list":["post-66125","post","type-post","status-publish","format-standard","has-post-thumbnail","hentry","category-destacado","category-mundo","category-portada"],"_links":{"self":[{"href":"https:\/\/themexicopost.com\/index.php?rest_route=\/wp\/v2\/posts\/66125","targetHints":{"allow":["GET"]}}],"collection":[{"href":"https:\/\/themexicopost.com\/index.php?rest_route=\/wp\/v2\/posts"}],"about":[{"href":"https:\/\/themexicopost.com\/index.php?rest_route=\/wp\/v2\/types\/post"}],"author":[{"embeddable":true,"href":"https:\/\/themexicopost.com\/index.php?rest_route=\/wp\/v2\/users\/1"}],"replies":[{"embeddable":true,"href":"https:\/\/themexicopost.com\/index.php?rest_route=%2Fwp%2Fv2%2Fcomments&post=66125"}],"version-history":[{"count":1,"href":"https:\/\/themexicopost.com\/index.php?rest_route=\/wp\/v2\/posts\/66125\/revisions"}],"predecessor-version":[{"id":66127,"href":"https:\/\/themexicopost.com\/index.php?rest_route=\/wp\/v2\/posts\/66125\/revisions\/66127"}],"wp:featuredmedia":[{"embeddable":true,"href":"https:\/\/themexicopost.com\/index.php?rest_route=\/wp\/v2\/media\/66126"}],"wp:attachment":[{"href":"https:\/\/themexicopost.com\/index.php?rest_route=%2Fwp%2Fv2%2Fmedia&parent=66125"}],"wp:term":[{"taxonomy":"category","embeddable":true,"href":"https:\/\/themexicopost.com\/index.php?rest_route=%2Fwp%2Fv2%2Fcategories&post=66125"},{"taxonomy":"post_tag","embeddable":true,"href":"https:\/\/themexicopost.com\/index.php?rest_route=%2Fwp%2Fv2%2Ftags&post=66125"}],"curies":[{"name":"wp","href":"https:\/\/api.w.org\/{rel}","templated":true}]}}