{"id":66288,"date":"2025-08-26T07:34:48","date_gmt":"2025-08-26T13:34:48","guid":{"rendered":"https:\/\/themexicopost.com\/?p=66288"},"modified":"2025-08-26T07:34:52","modified_gmt":"2025-08-26T13:34:52","slug":"atacan-militantes-campamento-de-seguridad-en-pakistan-matando-a-3-oficiales-e-hiriendo-a-17","status":"publish","type":"post","link":"https:\/\/themexicopost.com\/?p=66288","title":{"rendered":"Atacan militantes campamento de seguridad en Pakist\u00e1n, matando a 3 oficiales e hiriendo a 17"},"content":{"rendered":"\n<figure class=\"wp-block-pullquote\"><blockquote><p>El ministro del Interior, Mohsin Naqvi, rindi\u00f3 homenaje a los oficiales asesinados.<\/p><\/blockquote><\/figure>\n\n\n\n<p class=\"has-drop-cap\">Militantes atacaron un campamento de las fuerzas de seguridad en el noroeste de Pakist\u00e1n, lo que desencaden\u00f3 un tiroteo que dur\u00f3 horas y dej\u00f3 al menos tres oficiales y un agresor muertos, seg\u00fan inform\u00f3 la polic\u00eda.<br><\/p>\n\n\n\n<p>Fueron 17 agentes de seguridad los que resultaron heridos en el asalto en Hangu, distrito de la provincia de Khyber Pakhtunkhwa, seg\u00fan el oficial de polic\u00eda local Nazar Mohammad. A\u00f1adi\u00f3 que las fuerzas de seguridad respondieron r\u00e1pidamente y lanzaron una operaci\u00f3n de b\u00fasqueda en las monta\u00f1as cercanas para localizar a los atacantes que huyeron.<br><\/p>\n\n\n\n<p>El ministro del Interior, Mohsin Naqvi, rindi\u00f3 homenaje a los oficiales asesinados en un comunicado y orden\u00f3 a las autoridades que brindaran la mejor atenci\u00f3n m\u00e9dica posible a los heridos.<br><\/p>\n\n\n\n<p>Ning\u00fan grupo se atribuy\u00f3 la responsabilidad de inmediato, pero es probable que las sospechas recaigan sobre los talibanes pakistan\u00edes, conocidos como Tehreek-e-Taliban Pakistan (TTP). Aunque independiente de los talibanes afganos, el TTP est\u00e1 aliado con ellos, y sus combatientes y l\u00edderes tienen escondites en Afganist\u00e1n. Pakist\u00e1n ha presenciado un aumento de este tipo de ataques en los \u00faltimos meses.<br><\/p>\n\n\n\n<p>El \u00faltimo ataque en Hangu se produce semanas despu\u00e9s de que el ej\u00e9rcito pakistan\u00ed lanzara una operaci\u00f3n selectiva contra el TTP en Bajaur, otro distrito del noroeste, que provoc\u00f3 el desplazamiento de casi 100.000 residentes. Hasta el momento, las autoridades no han publicado detalles sobre la operaci\u00f3n en curso. Pakist\u00e1n tambi\u00e9n llev\u00f3 a cabo una operaci\u00f3n en Bajaur contra el TTP en 2009.<\/p>\n","protected":false},"excerpt":{"rendered":"<p>El ministro del Interior, Mohsin Naqvi, rindi\u00f3 homenaje a los oficiales asesinados. Militantes atacaron un campamento de las fuerzas de seguridad en el noroeste de Pakist\u00e1n, lo que desencaden\u00f3 un tiroteo que dur\u00f3 horas y dej\u00f3 al menos tres oficiales y un agresor muertos, seg\u00fan inform\u00f3 la polic\u00eda. Fueron 17 agentes de seguridad los que [&hellip;]<\/p>\n","protected":false},"author":1,"featured_media":66289,"comment_status":"closed","ping_status":"closed","sticky":false,"template":"","format":"standard","meta":{"footnotes":""},"categories":[80],"tags":[],"class_list":["post-66288","post","type-post","status-publish","format-standard","has-post-thumbnail","hentry","category-mundo"],"_links":{"self":[{"href":"https:\/\/themexicopost.com\/index.php?rest_route=\/wp\/v2\/posts\/66288","targetHints":{"allow":["GET"]}}],"collection":[{"href":"https:\/\/themexicopost.com\/index.php?rest_route=\/wp\/v2\/posts"}],"about":[{"href":"https:\/\/themexicopost.com\/index.php?rest_route=\/wp\/v2\/types\/post"}],"author":[{"embeddable":true,"href":"https:\/\/themexicopost.com\/index.php?rest_route=\/wp\/v2\/users\/1"}],"replies":[{"embeddable":true,"href":"https:\/\/themexicopost.com\/index.php?rest_route=%2Fwp%2Fv2%2Fcomments&post=66288"}],"version-history":[{"count":1,"href":"https:\/\/themexicopost.com\/index.php?rest_route=\/wp\/v2\/posts\/66288\/revisions"}],"predecessor-version":[{"id":66290,"href":"https:\/\/themexicopost.com\/index.php?rest_route=\/wp\/v2\/posts\/66288\/revisions\/66290"}],"wp:featuredmedia":[{"embeddable":true,"href":"https:\/\/themexicopost.com\/index.php?rest_route=\/wp\/v2\/media\/66289"}],"wp:attachment":[{"href":"https:\/\/themexicopost.com\/index.php?rest_route=%2Fwp%2Fv2%2Fmedia&parent=66288"}],"wp:term":[{"taxonomy":"category","embeddable":true,"href":"https:\/\/themexicopost.com\/index.php?rest_route=%2Fwp%2Fv2%2Fcategories&post=66288"},{"taxonomy":"post_tag","embeddable":true,"href":"https:\/\/themexicopost.com\/index.php?rest_route=%2Fwp%2Fv2%2Ftags&post=66288"}],"curies":[{"name":"wp","href":"https:\/\/api.w.org\/{rel}","templated":true}]}}