{"id":66385,"date":"2025-08-27T07:59:05","date_gmt":"2025-08-27T13:59:05","guid":{"rendered":"https:\/\/themexicopost.com\/?p=66385"},"modified":"2025-08-27T07:59:08","modified_gmt":"2025-08-27T13:59:08","slug":"miles-protestan-en-israel-y-urgen-acuerdo-sobre-rehenes","status":"publish","type":"post","link":"https:\/\/themexicopost.com\/?p=66385","title":{"rendered":"Miles protestan en Israel y urgen acuerdo sobre rehenes"},"content":{"rendered":"\n<figure class=\"wp-block-pullquote\"><blockquote><p>Manifestantes bloquearon calles de Tel Aviv, exigiendo el fin de la guerra en Gaza y la liberaci\u00f3n de los rehenes.<\/p><\/blockquote><\/figure>\n\n\n\n<p class=\"has-drop-cap\">Decenas de miles de personas se concentraron este lunes (26.08.2025) en la Plaza de los Rehenes de Tel Aviv y en las calles aleda\u00f1as, desbordadas por la multitud, en una manifestaci\u00f3n masiva contra la guerra que puso fin a una jornada nacional de protestas.<br><\/p>\n\n\n\n<p>Im\u00e1genes difundidas en redes sociales y una retransmisi\u00f3n en directo del Foro de Familias de Rehenes y Desaparecidos -que representa a la mayor\u00eda de los familiares de los secuestrados- muestran a los manifestantes portando carteles con las fotos de los rehenes, adem\u00e1s de banderas israel\u00edes y amarillas, estas \u00faltimas en se\u00f1al de apoyo a los cautivos.<br><\/p>\n\n\n\n<p>En el escenario intervinieron varios familiares de los secuestrados, entre ellos est\u00e1 Noam Perry, cuyo padre, Haim Perry, fue secuestrado por Ham\u00e1s el 7 de octubre de 2023 y muri\u00f3 en cautiverio a los 79 a\u00f1os.<br><\/p>\n\n\n\n<p>&#8220;Mi padre y otros 41 rehenes asesinados en Gaza revelan una terrible verdad: cada d\u00eda adicional de guerra pone en peligro a los que siguen vivos&#8221;, dijo Noam en ingl\u00e9s.<br><\/p>\n\n\n\n<p>Noam tambi\u00e9n se dirigi\u00f3 al presidente de Estados Unidos: &#8220;Presidente Trump, mire a esta multitud, mire las im\u00e1genes de las calles de Israel. El pueblo de Israel est\u00e1 votando con sus pies: la naci\u00f3n quiere que la guerra termine y que los rehenes vuelvan a casa. Para mi padre ya es tarde, pero usted a\u00fan puede salvar a los dem\u00e1s y ser recordado como el presidente que hizo historia&#8221;<\/p>\n","protected":false},"excerpt":{"rendered":"<p>Manifestantes bloquearon calles de Tel Aviv, exigiendo el fin de la guerra en Gaza y la liberaci\u00f3n de los rehenes. Decenas de miles de personas se concentraron este lunes (26.08.2025) en la Plaza de los Rehenes de Tel Aviv y en las calles aleda\u00f1as, desbordadas por la multitud, en una manifestaci\u00f3n masiva contra la guerra [&hellip;]<\/p>\n","protected":false},"author":1,"featured_media":66386,"comment_status":"closed","ping_status":"closed","sticky":false,"template":"","format":"standard","meta":{"footnotes":""},"categories":[80],"tags":[],"class_list":["post-66385","post","type-post","status-publish","format-standard","has-post-thumbnail","hentry","category-mundo"],"_links":{"self":[{"href":"https:\/\/themexicopost.com\/index.php?rest_route=\/wp\/v2\/posts\/66385","targetHints":{"allow":["GET"]}}],"collection":[{"href":"https:\/\/themexicopost.com\/index.php?rest_route=\/wp\/v2\/posts"}],"about":[{"href":"https:\/\/themexicopost.com\/index.php?rest_route=\/wp\/v2\/types\/post"}],"author":[{"embeddable":true,"href":"https:\/\/themexicopost.com\/index.php?rest_route=\/wp\/v2\/users\/1"}],"replies":[{"embeddable":true,"href":"https:\/\/themexicopost.com\/index.php?rest_route=%2Fwp%2Fv2%2Fcomments&post=66385"}],"version-history":[{"count":1,"href":"https:\/\/themexicopost.com\/index.php?rest_route=\/wp\/v2\/posts\/66385\/revisions"}],"predecessor-version":[{"id":66387,"href":"https:\/\/themexicopost.com\/index.php?rest_route=\/wp\/v2\/posts\/66385\/revisions\/66387"}],"wp:featuredmedia":[{"embeddable":true,"href":"https:\/\/themexicopost.com\/index.php?rest_route=\/wp\/v2\/media\/66386"}],"wp:attachment":[{"href":"https:\/\/themexicopost.com\/index.php?rest_route=%2Fwp%2Fv2%2Fmedia&parent=66385"}],"wp:term":[{"taxonomy":"category","embeddable":true,"href":"https:\/\/themexicopost.com\/index.php?rest_route=%2Fwp%2Fv2%2Fcategories&post=66385"},{"taxonomy":"post_tag","embeddable":true,"href":"https:\/\/themexicopost.com\/index.php?rest_route=%2Fwp%2Fv2%2Ftags&post=66385"}],"curies":[{"name":"wp","href":"https:\/\/api.w.org\/{rel}","templated":true}]}}